{"id":2609,"date":"2026-08-30T19:17:41","date_gmt":"2026-08-30T17:17:41","guid":{"rendered":"https:\/\/arbeits-film-festival.at\/?p=2609"},"modified":"2026-08-30T19:21:44","modified_gmt":"2026-08-30T17:21:44","slug":"der-schmaeh-mit-der-eigenverantwortung","status":"publish","type":"post","link":"https:\/\/arbeits-film-festival.at\/en\/2026\/08\/30\/der-schmaeh-mit-der-eigenverantwortung\/","title":{"rendered":"Der Schm\u00e4h mit der Eigenverantwortung"},"content":{"rendered":"<style>.kb-row-layout-wrap.wp-block-kadence-rowlayout.kb-row-layout-id2609_0fa2a5-31{margin-top:0px;margin-bottom:0px;}.kb-row-layout-id2609_0fa2a5-31 > .kt-row-column-wrap{align-content:center;}:where(.kb-row-layout-id2609_0fa2a5-31 > .kt-row-column-wrap) > .wp-block-kadence-column{justify-content:center;}.kb-row-layout-id2609_0fa2a5-31 > .kt-row-column-wrap{column-gap:var(--global-kb-gap-none, 0rem );row-gap:var(--global-kb-gap-md, 2rem);max-width:var(--wp--style--global--content-size);padding-top:var(--global-kb-spacing-xl, 4rem);padding-right:0px;padding-bottom:0px;min-height:852px;grid-template-columns:minmax(0, 2fr) minmax(0, 1fr);}.kb-row-layout-id2609_0fa2a5-31{--breakout-negative-margin-right:calc( ( ( ( var(--global-vw, 100vw) - ( var(--wp--style--global--content-size) - ( 0px*2 ) ) ) \/ 2 ) *-1) + -1px);--breakout-negative-margin-left:calc( ( ( ( var(--global-vw, 100vw) - ( var(--wp--style--global--content-size) - ( 0px*2 ) ) ) \/ 2 ) *-1) + -1px);}.kb-row-layout-id2609_0fa2a5-31{background-color:rgba(17,17,17,0);}.kb-row-layout-id2609_0fa2a5-31 > .kt-row-layout-overlay{opacity:0.30;}.kb-row-layout-id2609_0fa2a5-31{z-index:906;position:relative;}@media all and (min-width: 1025px){.kb-row-layout-id2609_0fa2a5-31 > .kt-row-column-wrap > .wp-block-kadence-column:nth-child(1 of *:not(style)){margin-inline-start:calc( 0px *-1 );margin-inline-start:var(--breakout-negative-margin-left);}.kb-row-layout-id2609_0fa2a5-31 > .kt-row-column-wrap > .wp-block-kadence-column:nth-child(2 of *:not(style)){margin-inline-end:calc( 0px *-1 );margin-inline-end:var(--breakout-negative-margin-right);}}@media all and (max-width: 1024px){.kb-row-layout-id2609_0fa2a5-31 > .kt-row-column-wrap{grid-template-columns:minmax(0, 1fr) minmax(0, 2fr);}}@media all and (min-width: 768px) and (max-width: 1024px){.kb-row-layout-id2609_0fa2a5-31 > .kt-row-column-wrap:not(.kt-tab-layout-row) > .wp-block-kadence-column:nth-child(1 of *:not(style)){margin-inline-start:calc( 0px *-1 );}.kb-row-layout-id2609_0fa2a5-31 > .kt-row-column-wrap:not(.kt-tab-layout-row) > .wp-block-kadence-column:nth-child(2 of *:not(style)){margin-inline-end:calc( 0px *-1 );}}@media all and (max-width: 767px){.kb-row-layout-id2609_0fa2a5-31 > .kt-row-column-wrap{padding-top:0px;padding-right:0px;padding-bottom:0px;padding-left:0px;grid-template-columns:minmax(0, 1fr);}}<\/style><div class=\"kb-row-layout-wrap kb-row-layout-id2609_0fa2a5-31 alignfull kt-row-has-bg wp-block-kadence-rowlayout\"><div class=\"kt-row-column-wrap kt-has-2-columns kt-row-layout-left-golden kt-tab-layout-right-golden kt-mobile-layout-row kt-row-valign-middle kt-inner-column-height-full kb-theme-content-width\">\n<style>.kadence-column2609_edb5d0-ba > .kt-inside-inner-col{min-height:600px;}.kadence-column2609_edb5d0-ba > .kt-inside-inner-col,.kadence-column2609_edb5d0-ba > .kt-inside-inner-col:before{border-top-left-radius:0px;border-top-right-radius:0px;border-bottom-right-radius:0px;border-bottom-left-radius:0px;}.kadence-column2609_edb5d0-ba > .kt-inside-inner-col{column-gap:var(--global-kb-gap-sm, 1rem);}.kadence-column2609_edb5d0-ba > .kt-inside-inner-col{flex-direction:column;}.kadence-column2609_edb5d0-ba > .kt-inside-inner-col > .aligncenter{width:100%;}.kadence-column2609_edb5d0-ba > .kt-inside-inner-col:before{opacity:0.3;}.kadence-column2609_edb5d0-ba{position:relative;}@media all and (max-width: 1024px){.kadence-column2609_edb5d0-ba > .kt-inside-inner-col{flex-direction:column;justify-content:center;}}@media all and (max-width: 1024px){.kadence-column2609_edb5d0-ba, .kt-inside-inner-col > .kadence-column2609_edb5d0-ba:not(.specificity){margin-left:-25%;}}@media all and (max-width: 767px){.kadence-column2609_edb5d0-ba > .kt-inside-inner-col{min-height:300px;flex-direction:column;justify-content:center;}.kadence-column2609_edb5d0-ba, .kt-inside-inner-col > .kadence-column2609_edb5d0-ba:not(.specificity){margin-top:0%;margin-right:0%;margin-bottom:0%;margin-left:0%;}}<\/style>\n<div class=\"wp-block-kadence-column kadence-column2609_edb5d0-ba inner-column-1\"><div class=\"kt-inside-inner-col\">\n<figure class=\"wp-block-image size-full\"><img decoding=\"async\" src=\"https:\/\/arbeits-film-festival.at\/wp-content\/uploads\/2026\/08\/f7979e2-778-NPTDLFDM_1-e1788110294701.png\" alt=\"\" class=\"wp-image-2610\"\/><\/figure>\n\n\n\n<p class=\"has-x-large-font-size wp-block-paragraph\" style=\"padding-top:0;padding-bottom:0;line-height:1.2;text-transform:uppercase\"><strong>Der Schm\u00e4h mit der Eigenverantwortung<\/strong><\/p>\n\n\n\n<p class=\"wp-block-paragraph\" style=\"text-transform:uppercase\"><strong>Die sch\u00f6ne, zornige Gig Economy-Kom\u00f6die \u201eErwarte nicht zu viel vom Ende der Welt\u201c (2023, Radu Jude) muss in Bukarest nicht lang nach Ausbeutungsverh\u00e4ltnissen suchen, sondern findet sie bereits unterwegs im Auto einer Produktionsassistentin.<\/strong><\/p>\n\n\n\n<p class=\"wp-block-paragraph\">Hilfe, die \u00d6sterreicher kommen! Weil ein \u00f6sterreichisches Unternehmen f\u00fcr seine rum\u00e4nische Fabrik ein Arbeitssicherheits-Video in Auftrag gegeben hat, rast Produktionsassistentin Angela (Ilinca Manolache) durch Bukarest. Wenn sie nicht gerade Unfall\u00fcberlebende aus dem Werk besucht, um sie f\u00fcr einen Interviewauftritt im Video zu casten, besichtigt die \u00fcbellaunige Medienarbeiterin ein Nobellokal f\u00fcr die Abendunterhaltung der f\u00fcr den Dreh erwarteten Delegation aus \u201eAustria\u201c. Dazwischen f\u00e4hrt Angela Uber-Touren und postet Social-Media-Videos, in denen sie monstr\u00f6se Maskulinismus-Influencer wie Andrew Tate Andrew Tate<a href=\"https:\/\/work-o-witch.at\/der-schmaeh-mit-der-eigenverantwortung\/#_ftn1\">[1]<\/a>, dessen Gesicht sie \u00fcber ihr eigenes filtert, absurd \u00fcberbietet.<br><br>Dem Filmemacher Radu Jude, einer der begnadetsten Nervens\u00e4gen des Gegenwartskinos, ist mit \u201eErwarte nicht zu viel vom Ende der Welt\u201c eine Kom\u00f6die gelungen, die die Entgrenzung der Gig Economy nicht blo\u00df erz\u00e4hlt, sondern in ihrer ruppig-sprunghaften Form schl\u00fcssig sp\u00fcrbar macht: ein deregulierter Arbeitsalltag als galliger Stream-of-Sprechdurchfall, dem das Autoradio tagesaktuelles Material f\u00fcr Tiraden und Kalauer liefert (merke: King Charles ist wegen eines rum\u00e4nischen Anwesens quasi Lokalprominenz), w\u00e4hrend penetrante Beats die Dauerarbeiterin Angela vor dem Sekundenschlaf im Verkehr bewahren sollen. Auf der Bildebene reibt sich dazu k\u00f6rniges 16mm- dazu hart an TikTok-Filtern. In einer Pause rauscht Angela noch schnell zum Friedhof, wo das Grab des Vaters verlegt wird , bevor die Bagger kommen f\u00fcr eine neue Investment-Immobilie. Der Ausweg Richtung Ostalgie wird derweilen verstellt durch Archiv-Ausschnitte eines Bukarester Taxifahrerinnendramas von 1981, das neben realsozialistischen Erbauungsbotschaften reichlich Seitenblicke auf Mangelwirtschaft und machoide Verhaltensroutinen freigibt.<br><br>Die \u00fcber zweieinhalb Stunden nicht nachlassende Mitteilungswut von Filmemacher und Protagonistin hat ihr Anstrengendes. (Wer alle zwei Slavoj-\u017di\u017eek-Zitate im Film findet, die im Abspann ausgewiesen sind: bitte nicht bei mir melden.) Aber Neunmalklugheit und aufgekratzte schlechte Laune gen\u00fcgen sich hier nicht selbst, sondern wollen etwas. Wie die tanzenden Punkte in Angelas Auto, die von ihrem Discokugel-Glitzerkleid ausgehen, kristallisiert sich all das versammelte Material schl\u00fcssig um einige zornige, sehr konkrete Beobachtungen zum aktuellen Verh\u00e4ltnis von Arbeit und Bildproduktion.<br><br>Zwei davon seien hier kurz erw\u00e4hnt: Erstens stellt die Erz\u00e4hlung von Angelas qualvoll endlosem Tag mit der Unfallgefahr \u00fcberm\u00fcdeter Crewmitglieder ein lang und heftig diskutiertes Thema der Arbeitssicherheit in der Filmindustrie ins Scheinwerferlicht. Jude selbst bezieht sich in Interviews (zum Beispiel\u00a0<a href=\"https:\/\/filmmakermagazine.com\/122518-interview-radu-jude-do-not-expect-too-much-from-the-end-of-the-world-locarno-2023\/\">hier<\/a>) auf den rezenten Verkehrstodesfall eines vom Dreh ersch\u00f6pften rum\u00e4nischen Filmarbeiters als Inspiration f\u00fcr den Film. \u00c4hnliche F\u00e4lle lebensgef\u00e4hrlicher \u00dcberm\u00fcdung durch lange Drehtage sind in den USA \u2013 schon lange vor rezenten #metoo und den letztj\u00e4hrigen Streiks von US-Gewerkschaften \u2013 h\u00e4ufig und bekannt genug, dass etwa der legend\u00e4re Kameramann Haskell Wexler (\u201eThe Conversation\u201c, \u201eOne Flew Over the Cuckoo\u2019s Nest\u201c) bereits 2006 einen Dokumentarfilm zum Thema drehte. Ein aufschlussreicher Bericht zum Thema von 2018 findet sich\u00a0<a href=\"https:\/\/deadline.com\/2018\/02\/hollywood-safety-drowsy-driving-long-work-hours-crew-1202275319\/\">hier<\/a>. F\u00fcr das Generalthema des Films \u2013 eine Deregulierung von Arbeit, die neue Ausbeutungsformen als Autonomiegewinn zu bewerben versucht \u2013 sind derartige Vorf\u00e4lle ein dankbares Beispiel, weil sie (im Gegensatz zu Set-Unf\u00e4llen) in der Regel nicht in die Haftungsverantwortung der Filmproduktionsfirmen fallen.<br><br>Auf \u00c4hnliches m\u00f6chte auch \u2013 zweitens \u2013 die Satire um das Video hinaus, das f\u00fcr die \u00f6sterreichische Firma gedreht werden soll: Die Werbung f\u00fcr Sicherheitsma\u00dfnahmen soll die Verantwortung f\u00fcr vergangene Arbeitsunf\u00e4lle ganz auf die Seite der Arbeiter*innen abw\u00e4lzen. Diese Dreistigkeit treibt Jude in einer abschlie\u00dfenden \u00fcber halbst\u00fcndigen Sequenz auf die Spitze, die in wenigen statischen Einstellungen den Videodreh zeigt. Von hinter der Kamera reden Regie und angereiste Firmenvertreterin (Nina Hoss) auf den im Rollstuhl sitzenden Ovidiu (Ovidiu P\u00eersan) ein, seinen Erlebnisbericht den Erfordernissen der Unternehmens-PR anzupassen: Bitte keine Lieferungen nach Russland erw\u00e4hnen, und schon gar keine kostensparenden Sicherheitsrisiken der Firma, w\u00e4hrend im Bildhintergrund die bauf\u00e4llige Werksschranke auseinanderf\u00e4llt.<br><br>Diese Plansequenz passt ins Bild eines rum\u00e4nischen Kunstkinos der letzten zwei Jahrzehnte, das seit Durchbruchserfolgen von Cristi Puiu (\u201eDer Tod des Herrn Lazarescu\u201c, 2005) und Corneliu Porumboiu (\u201e12:08 \u2013 Jenseits von Bukarest\u201c, 2006) mit konzeptuell ambitioniertem, elastisch gespieltem Radikalrealismus auff\u00e4llt. Der Schlussakt von \u201eErwarte nicht zu viel vom Ende der Welt\u201c spielt aber dar\u00fcber hinaus auf eine noch \u00e4ltere Linie im rum\u00e4nischen Kino an, die von p\u00e4dagogischer Filmproduktion als Machtdemonstration handelt: Nach einem aufsehenerregenden Bankraub in Bukarest 1959 zwang die Securitate die sechs Verurteilten, ihre mutma\u00dflichen Vergehen in einem aufw\u00e4ndig produzierten Informationsfilm namens\u00a0<a href=\"https:\/\/www.youtube.com\/watch?v=1ViabuEZr08\">\u201eReconstituirea\u201c<\/a>\u00a0(1960) nachzustellen. (Noch im Jahr der Filmproduktion wurden f\u00fcnf der Verurteilten hingerichtet.\u00a0<a href=\"https:\/\/de.wikipedia.org\/wiki\/Bankraub_in_Bukarest_1959\">Wikipedia<\/a>\u00a0ist in diesem Fall ein guter Ausgangspunkt f\u00fcr weitere Recherchen.) Diesen Fall nahm acht Jahre sp\u00e4ter Lucian Pintilie, einer der zentralen Kinomodernisten Rum\u00e4niens, zum Ausgangspunkt f\u00fcr eine bittere Satire, die denselben Titel tr\u00e4gt: \u201eReconstituirea\u201c (1968) handelt von zwei Jugendlichen, die von der Ordnungsmacht gezwungen werden, eine Schl\u00e4gerei, f\u00fcr die sie verurteilt wurden, f\u00fcr einen Aufkl\u00e4rungsfilm \u00fcber Gewalt nachzustellen. Pintilies Film erregte internationales Aufsehen und wurde von der rum\u00e4nischen Kulturbeh\u00f6rde verboten.<br><br>Es f\u00e4llt schwer, nicht ein Update dieses Szenarios \u00f6ffentlicher Unterwerfung zu erkennen, wenn in Judes Film ein Mann f\u00fcr ein kleines Honorar vor laufender Kamera den Anspruch aufgibt, seinen Arbeitgeber wegen unterlassener Sicherheitsma\u00dfnahmen zu verklagen.<br><br>J<em>oachim Sch\u00e4tz,\u00a0<\/em>Filmwissenschaftler, ist Universit\u00e4tsassistent am Institut f\u00fcr Theater\u2011, Film\u2011, und Medienwissenschaft der Universit\u00e4t Wien. Er hat 2019\u20132023 das Projekt \u201ePraktiken des Lehr- und Unterrichtsfilms in \u00d6sterreich\u201c geleitet. Ergebnisse unter\u00a0<a href=\"https:\/\/www.lehrfilmpraktiken.at\/\">https:\/\/www.lehrfilmpraktiken.at<\/a><br><br>Referenzen:<br>Busch, Anita:\u00a0<a href=\"https:\/\/deadline.com\/2018\/02\/hollywood-safety-drowsy-driving-long-work-hours-crew-1202275319\/\">Hollywood\u2019s Grueling Hours &amp; Drowsy-Driving Problem: Crew Members Speak Out Despite Threat To Careers<\/a>, in: Deadline, 1.2.2018.<br>Ebbrecht-Hartmann, Tobias: \u201eRekonstruktion, oder: Dokument-Werden\u201c, in: Daniela Hahn (Hg.): Beyond Evidence. Das Dokument in den K\u00fcnsten, Paderborn: Fink 2016, 243\u2013257.<br>Goi, Leonardo: \u201e<a href=\"https:\/\/filmmakermagazine.com\/122518-interview-radu-jude-do-not-expect-too-much-from-the-end-of-the-world-locarno-2023\/\">Rules Stop Me from Daring\u201d: Radu Jude on Do Not Expect Too Much from the End of the World<\/a>\u201d, in: Filmmaker Magazine, 10.8.2023.<br>Leu, Dora\/\u00d6yk\u00fc Sofuo\u011flu:\u00a0<a href=\"https:\/\/mubi.com\/de\/notebook\/posts\/an-enfant-terrible-in-terrible-times-radu-jude-discusses-do-not-expect-too-much-from-the-end-of-the-world\">An Enfant Terrible in Terrible Times: Radu Jude Discusses \u201cDo Not Expect Too Much From the End of the World<\/a>\u201d, in: MUBI, 17.10.2023.<br><br><a href=\"https:\/\/work-o-witch.at\/der-schmaeh-mit-der-eigenverantwortung\/#_ftnref1\">[1]<\/a>\u00a0Der amerikanisch-britische Social-Media-Unternehmer und Kickboxer Tate brachte es mit seinen f\u00fcr frauenfeindlichen Aussagen ber\u00fchmten Postings zu Online-Ruhm und bis zu sieben Millionen Followern auf Twitter. Seit 2017 in Rum\u00e4nien wohnhaft, wurde er erst im Juni 2023 \u2013 bereits nach Drehende des Films \u2013\u00a0 wegen Vergewaltigung, Menschenhandels und der Bildung einer kriminellen Organisation angeklagt.<\/p>\n<\/div><\/div>\n\n\n<style>.kadence-column2609_9e3e5b-0e > .kt-inside-inner-col{display:flex;}.kadence-column2609_9e3e5b-0e > .kt-inside-inner-col{padding-right:var(--global-kb-spacing-md, 2rem);padding-bottom:var(--global-kb-spacing-lg, 3rem);padding-left:var(--global-kb-spacing-3xl, 6.5rem);}.kadence-column2609_9e3e5b-0e > .kt-inside-inner-col,.kadence-column2609_9e3e5b-0e > .kt-inside-inner-col:before{border-top-left-radius:0px;border-top-right-radius:0px;border-bottom-right-radius:0px;border-bottom-left-radius:0px;}.kadence-column2609_9e3e5b-0e > .kt-inside-inner-col{column-gap:var(--global-kb-gap-sm, 1rem);}.kadence-column2609_9e3e5b-0e > .kt-inside-inner-col{flex-direction:column;justify-content:flex-start;}.kadence-column2609_9e3e5b-0e > .kt-inside-inner-col > .aligncenter{width:100%;}.kt-row-column-wrap > .kadence-column2609_9e3e5b-0e{align-self:flex-start;}.kt-inner-column-height-full:not(.kt-has-1-columns) > .wp-block-kadence-column.kadence-column2609_9e3e5b-0e{align-self:auto;}.kt-inner-column-height-full:not(.kt-has-1-columns) > .wp-block-kadence-column.kadence-column2609_9e3e5b-0e > .kt-inside-inner-col{flex-direction:column;justify-content:flex-start;}.kadence-column2609_9e3e5b-0e > .kt-inside-inner-col:before{opacity:0.3;}.kadence-column2609_9e3e5b-0e{position:relative;}@media all and (max-width: 1024px){.kadence-column2609_9e3e5b-0e > .kt-inside-inner-col{padding-left:var(--global-kb-spacing-md, 2rem);flex-direction:column;justify-content:flex-start;}}@media all and (max-width: 1024px){.kt-row-column-wrap > .kadence-column2609_9e3e5b-0e{align-self:flex-start;}}@media all and (max-width: 1024px){.kt-inner-column-height-full:not(.kt-has-1-columns) > .wp-block-kadence-column.kadence-column2609_9e3e5b-0e{align-self:auto;}}@media all and (max-width: 1024px){.kt-inner-column-height-full:not(.kt-has-1-columns) > .wp-block-kadence-column.kadence-column2609_9e3e5b-0e > .kt-inside-inner-col{flex-direction:column;justify-content:flex-start;}}@media all and (max-width: 767px){.kadence-column2609_9e3e5b-0e > .kt-inside-inner-col{padding-right:var(--global-kb-spacing-sm, 1.5rem);padding-left:var(--global-kb-spacing-sm, 1.5rem);flex-direction:column;justify-content:flex-start;}.kt-row-column-wrap > .kadence-column2609_9e3e5b-0e{align-self:flex-start;}.kt-inner-column-height-full:not(.kt-has-1-columns) > .wp-block-kadence-column.kadence-column2609_9e3e5b-0e{align-self:auto;}.kt-inner-column-height-full:not(.kt-has-1-columns) > .wp-block-kadence-column.kadence-column2609_9e3e5b-0e > .kt-inside-inner-col{flex-direction:column;justify-content:flex-start;}}<\/style>\n<div class=\"wp-block-kadence-column kadence-column2609_9e3e5b-0e kb-section-dir-vertical inner-column-2\"><div class=\"kt-inside-inner-col\">\n<div style=\"height:330px\" aria-hidden=\"true\" class=\"wp-block-spacer\"><\/div>\n\n\n\n<p class=\"wp-block-paragraph\"><br>Joachim Sch\u00e4tz <strong>\u2501\u2501 <\/strong>21.02.2024<\/p>\n\n\n\n<div class=\"wp-block-group is-layout-constrained wp-container-core-group-is-layout-9790f0ff wp-block-group-is-layout-constrained\">\n<figure class=\"wp-block-embed is-type-video is-provider-youtube wp-block-embed-youtube wp-embed-aspect-16-9 wp-has-aspect-ratio\" style=\"margin-top:0;margin-bottom:0\"><div class=\"wp-block-embed__wrapper\">\n<div class=\"responsive-container\"><iframe loading=\"lazy\" title=\"Trailer ERWARTE NICHT ZU VIEL VOM ENDE DER WELT (Radu Jude, OmdU)\" width=\"500\" height=\"281\" src=\"https:\/\/www.youtube.com\/embed\/nntoAG0H2G4?feature=oembed\" frameborder=\"0\" allow=\"accelerometer; autoplay; clipboard-write; encrypted-media; gyroscope; picture-in-picture; web-share\" referrerpolicy=\"strict-origin-when-cross-origin\" allowfullscreen><\/iframe><\/div>\n<\/div><\/figure>\n\n\n\n<p class=\"wp-block-paragraph\" style=\"font-size:12px;text-transform:uppercase\">Erwarte nicht zu viel vom Ende der Welt\u201c, 2023, RO\/LU\/FR\/HR, Radu Jude, Trailer<\/p>\n<\/div>\n\n\n\n<div style=\"height:25px\" aria-hidden=\"true\" class=\"wp-block-spacer\"><\/div>\n\n\n\n<div class=\"wp-block-group is-layout-constrained wp-container-core-group-is-layout-9790f0ff wp-block-group-is-layout-constrained\">\n<figure class=\"wp-block-image size-full\" style=\"margin-top:0;margin-bottom:0\"><img loading=\"lazy\" decoding=\"async\" width=\"2048\" height=\"1134\" src=\"https:\/\/arbeits-film-festival.at\/wp-content\/uploads\/2026\/08\/Gruppenbild.jpg\" alt=\"\" class=\"wp-image-2613\" srcset=\"https:\/\/arbeits-film-festival.at\/wp-content\/uploads\/2026\/08\/Gruppenbild.jpg 2048w, https:\/\/arbeits-film-festival.at\/wp-content\/uploads\/2026\/08\/Gruppenbild-300x166.jpg 300w, https:\/\/arbeits-film-festival.at\/wp-content\/uploads\/2026\/08\/Gruppenbild-1024x567.jpg 1024w, https:\/\/arbeits-film-festival.at\/wp-content\/uploads\/2026\/08\/Gruppenbild-768x425.jpg 768w, https:\/\/arbeits-film-festival.at\/wp-content\/uploads\/2026\/08\/Gruppenbild-1536x851.jpg 1536w, https:\/\/arbeits-film-festival.at\/wp-content\/uploads\/2026\/08\/Gruppenbild-18x10.jpg 18w, https:\/\/arbeits-film-festival.at\/wp-content\/uploads\/2026\/08\/Gruppenbild-1320x731.jpg 1320w\" sizes=\"auto, (max-width: 2048px) 100vw, 2048px\" \/><\/figure>\n\n\n\n<div class=\"wp-block-group is-layout-constrained wp-container-core-group-is-layout-ee2332cf wp-block-group-is-layout-constrained\">\n<p class=\"has-ast-global-color-1-color has-text-color has-link-color wp-elements-1 wp-block-paragraph\" style=\"font-size:12px;text-transform:uppercase\">Erwarte nicht zu viel vom Ende der Welt, 2023, Radu Jude, Filmstill<br>\u00a9 M\u00e9t\u00e9ore Films<\/p>\n<\/div>\n<\/div>\n\n\n\n<div style=\"height:35px\" aria-hidden=\"true\" class=\"wp-block-spacer\"><\/div>\n\n\n\n<div class=\"wp-block-group is-layout-constrained wp-container-core-group-is-layout-9790f0ff wp-block-group-is-layout-constrained\">\n<figure class=\"wp-block-image size-full\" style=\"margin-top:0;margin-bottom:0\"><img loading=\"lazy\" decoding=\"async\" width=\"824\" height=\"549\" src=\"https:\/\/arbeits-film-festival.at\/wp-content\/uploads\/2026\/08\/947290-n-attendez-pas-trop-de-la-fin-du-monde-ilinca-manolache-et-nina-hoss-brillent-dans-ce-film-du-realisateur-radu-jude.jpg\" alt=\"\" class=\"wp-image-2612\" srcset=\"https:\/\/arbeits-film-festival.at\/wp-content\/uploads\/2026\/08\/947290-n-attendez-pas-trop-de-la-fin-du-monde-ilinca-manolache-et-nina-hoss-brillent-dans-ce-film-du-realisateur-radu-jude.jpg 824w, https:\/\/arbeits-film-festival.at\/wp-content\/uploads\/2026\/08\/947290-n-attendez-pas-trop-de-la-fin-du-monde-ilinca-manolache-et-nina-hoss-brillent-dans-ce-film-du-realisateur-radu-jude-300x200.jpg 300w, https:\/\/arbeits-film-festival.at\/wp-content\/uploads\/2026\/08\/947290-n-attendez-pas-trop-de-la-fin-du-monde-ilinca-manolache-et-nina-hoss-brillent-dans-ce-film-du-realisateur-radu-jude-768x512.jpg 768w, https:\/\/arbeits-film-festival.at\/wp-content\/uploads\/2026\/08\/947290-n-attendez-pas-trop-de-la-fin-du-monde-ilinca-manolache-et-nina-hoss-brillent-dans-ce-film-du-realisateur-radu-jude-18x12.jpg 18w\" sizes=\"auto, (max-width: 824px) 100vw, 824px\" \/><\/figure>\n\n\n\n<div class=\"wp-block-group is-layout-constrained wp-container-core-group-is-layout-ee2332cf wp-block-group-is-layout-constrained\">\n<p class=\"has-ast-global-color-1-color has-text-color has-link-color wp-elements-2 wp-block-paragraph\" style=\"font-size:12px;text-transform:uppercase\">Erwarte nicht zu viel vom Ende der Welt, 2023, Radu Jude, Filmstill<br>\u00a9 M\u00e9t\u00e9ore Films<\/p>\n<\/div>\n<\/div>\n\n\n\n<div style=\"height:35px\" aria-hidden=\"true\" class=\"wp-block-spacer\"><\/div>\n\n\n\n<div class=\"wp-block-group is-layout-constrained wp-container-core-group-is-layout-9790f0ff wp-block-group-is-layout-constrained\">\n<figure class=\"wp-block-image size-full\" style=\"margin-top:0;margin-bottom:0\"><img loading=\"lazy\" decoding=\"async\" width=\"1400\" height=\"788\" src=\"https:\/\/arbeits-film-festival.at\/wp-content\/uploads\/2026\/08\/images-w1400.jpg\" alt=\"\" class=\"wp-image-2611\" srcset=\"https:\/\/arbeits-film-festival.at\/wp-content\/uploads\/2026\/08\/images-w1400.jpg 1400w, https:\/\/arbeits-film-festival.at\/wp-content\/uploads\/2026\/08\/images-w1400-300x169.jpg 300w, https:\/\/arbeits-film-festival.at\/wp-content\/uploads\/2026\/08\/images-w1400-1024x576.jpg 1024w, https:\/\/arbeits-film-festival.at\/wp-content\/uploads\/2026\/08\/images-w1400-768x432.jpg 768w, https:\/\/arbeits-film-festival.at\/wp-content\/uploads\/2026\/08\/images-w1400-18x10.jpg 18w, https:\/\/arbeits-film-festival.at\/wp-content\/uploads\/2026\/08\/images-w1400-1320x743.jpg 1320w\" sizes=\"auto, (max-width: 1400px) 100vw, 1400px\" \/><\/figure>\n\n\n\n<div class=\"wp-block-group is-layout-constrained wp-container-core-group-is-layout-ee2332cf wp-block-group-is-layout-constrained\">\n<p class=\"has-ast-global-color-1-color has-text-color has-link-color wp-elements-3 wp-block-paragraph\" style=\"font-size:12px;text-transform:uppercase\">Erwarte nicht zu viel vom Ende der Welt, 2023, Radu Jude, Filmstill<br>\u00a9 M\u00e9t\u00e9ore Films<\/p>\n<\/div>\n<\/div>\n\n\n\n<div style=\"height:35px\" aria-hidden=\"true\" class=\"wp-block-spacer\"><\/div>\n\n\n\n<div class=\"wp-block-group is-layout-constrained wp-container-core-group-is-layout-9790f0ff wp-block-group-is-layout-constrained\">\n<figure class=\"wp-block-image size-full\" style=\"margin-top:0;margin-bottom:0\"><img decoding=\"async\" src=\"https:\/\/arbeits-film-festival.at\/wp-content\/uploads\/2026\/08\/f7979e2-778-NPTDLFDM_1-e1788109745279.png\" alt=\"\" class=\"wp-image-2610\"\/><\/figure>\n\n\n\n<div class=\"wp-block-group is-layout-constrained wp-container-core-group-is-layout-ee2332cf wp-block-group-is-layout-constrained\">\n<p class=\"has-ast-global-color-1-color has-text-color has-link-color wp-elements-4 wp-block-paragraph\" style=\"font-size:12px;text-transform:uppercase\">Erwarte nicht zu viel vom Ende der Welt, 2023, Radu Jude, Filmstill<br>\u00a9 M\u00e9t\u00e9ore Films<\/p>\n<\/div>\n<\/div>\n\n\n\n<div style=\"height:35px\" aria-hidden=\"true\" class=\"wp-block-spacer\"><\/div>\n\n\n\n<p class=\"wp-block-paragraph\">Tags  <strong>\u2501\u2501\u2501\u2501<strong>\u2501<\/strong>\u2501<strong>\u2501\u2501\u2501<strong>\u2501<\/strong>\u2501<\/strong><\/strong><\/p>\n\n\n<div style=\"text-transform:uppercase\" class=\"taxonomy-post_tag wp-block-post-terms has-small-font-size\"><a href=\"https:\/\/arbeits-film-festival.at\/en\/tag\/arbeitssicherheit\/\" rel=\"tag\">Arbeitssicherheit<\/a><span class=\"wp-block-post-terms__separator\">, <\/span><a href=\"https:\/\/arbeits-film-festival.at\/en\/tag\/filmindustrie\/\" rel=\"tag\">Filmindustrie<\/a><span class=\"wp-block-post-terms__separator\">, <\/span><a href=\"https:\/\/arbeits-film-festival.at\/en\/tag\/gig-economy\/\" rel=\"tag\">Gig Economy<\/a><span class=\"wp-block-post-terms__separator\">, <\/span><a href=\"https:\/\/arbeits-film-festival.at\/en\/tag\/lucian-pintilie\/\" rel=\"tag\">Lucian Pintilie<\/a><span class=\"wp-block-post-terms__separator\">, <\/span><a href=\"https:\/\/arbeits-film-festival.at\/en\/tag\/radu-jude\/\" rel=\"tag\">Radu Jude<\/a><span class=\"wp-block-post-terms__separator\">, <\/span><a href=\"https:\/\/arbeits-film-festival.at\/en\/tag\/rumaenien\/\" rel=\"tag\">Rum\u00e4nien<\/a><\/div><\/div><\/div>\n\n<\/div><\/div>","protected":false},"excerpt":{"rendered":"<p>Die sch\u00f6ne, zornige Gig Economy-Kom\u00f6die \u201eErwarte nicht zu viel vom Ende der Welt\u201c (2023, Radu Jude) muss in Bukarest nicht lang nach Ausbeutungsverh\u00e4ltnissen suchen, sondern findet sie bereits unterwegs im Auto einer Produktionsassistentin.<\/p>","protected":false},"author":1,"featured_media":2610,"comment_status":"closed","ping_status":"open","sticky":false,"template":"","format":"standard","meta":{"_uag_custom_page_level_css":"","site-sidebar-layout":"default","site-content-layout":"","ast-site-content-layout":"default","site-content-style":"default","site-sidebar-style":"default","ast-global-header-display":"","ast-banner-title-visibility":"","ast-main-header-display":"","ast-hfb-above-header-display":"","ast-hfb-below-header-display":"","ast-hfb-mobile-header-display":"","site-post-title":"disabled","ast-breadcrumbs-content":"","ast-featured-img":"","footer-sml-layout":"","ast-disable-related-posts":"","theme-transparent-header-meta":"","adv-header-id-meta":"","stick-header-meta":"","header-above-stick-meta":"","header-main-stick-meta":"","header-below-stick-meta":"","astra-migrate-meta-layouts":"default","ast-page-background-enabled":"default","ast-page-background-meta":{"desktop":{"background-color":"var(--ast-global-color-5)","background-image":"","background-repeat":"repeat","background-position":"center center","background-size":"auto","background-attachment":"scroll","background-type":"","background-media":"","overlay-type":"","overlay-color":"","overlay-opacity":"","overlay-gradient":""},"tablet":{"background-color":"","background-image":"","background-repeat":"repeat","background-position":"center center","background-size":"auto","background-attachment":"scroll","background-type":"","background-media":"","overlay-type":"","overlay-color":"","overlay-opacity":"","overlay-gradient":""},"mobile":{"background-color":"","background-image":"","background-repeat":"repeat","background-position":"center center","background-size":"auto","background-attachment":"scroll","background-type":"","background-media":"","overlay-type":"","overlay-color":"","overlay-opacity":"","overlay-gradient":""}},"ast-content-background-meta":{"desktop":{"background-color":"var(--ast-global-color-4)","background-image":"","background-repeat":"repeat","background-position":"center center","background-size":"auto","background-attachment":"scroll","background-type":"","background-media":"","overlay-type":"","overlay-color":"","overlay-opacity":"","overlay-gradient":""},"tablet":{"background-color":"var(--ast-global-color-4)","background-image":"","background-repeat":"repeat","background-position":"center center","background-size":"auto","background-attachment":"scroll","background-type":"","background-media":"","overlay-type":"","overlay-color":"","overlay-opacity":"","overlay-gradient":""},"mobile":{"background-color":"var(--ast-global-color-4)","background-image":"","background-repeat":"repeat","background-position":"center center","background-size":"auto","background-attachment":"scroll","background-type":"","background-media":"","overlay-type":"","overlay-color":"","overlay-opacity":"","overlay-gradient":""}},"_rtcl_gb_attr":"","footnotes":""},"categories":[8],"tags":[41,44,43,45,42,46],"class_list":["post-2609","post","type-post","status-publish","format-standard","has-post-thumbnail","hentry","category-work-o-witch","tag-arbeitssicherheit","tag-filmindustrie","tag-gig-economy","tag-lucian-pintilie","tag-radu-jude","tag-rumaenien"],"uagb_featured_image_src":{"full":["https:\/\/arbeits-film-festival.at\/wp-content\/uploads\/2026\/08\/f7979e2-778-NPTDLFDM_1-e1788110361366.png",1633,833,false],"thumbnail":["https:\/\/arbeits-film-festival.at\/wp-content\/uploads\/2026\/08\/f7979e2-778-NPTDLFDM_1-e1788110361366-150x150.png",150,150,true],"medium":["https:\/\/arbeits-film-festival.at\/wp-content\/uploads\/2026\/08\/f7979e2-778-NPTDLFDM_1-e1788110361366-300x153.png",300,153,true],"medium_large":["https:\/\/arbeits-film-festival.at\/wp-content\/uploads\/2026\/08\/f7979e2-778-NPTDLFDM_1-e1788110361366-768x392.png",768,392,true],"large":["https:\/\/arbeits-film-festival.at\/wp-content\/uploads\/2026\/08\/f7979e2-778-NPTDLFDM_1-e1788110361366-1024x522.png",1024,522,true],"1536x1536":["https:\/\/arbeits-film-festival.at\/wp-content\/uploads\/2026\/08\/f7979e2-778-NPTDLFDM_1-e1788110361366-1536x784.png",1536,784,true],"2048x2048":["https:\/\/arbeits-film-festival.at\/wp-content\/uploads\/2026\/08\/f7979e2-778-NPTDLFDM_1-e1788110361366.png",1633,833,false],"trp-custom-language-flag":["https:\/\/arbeits-film-festival.at\/wp-content\/uploads\/2026\/08\/f7979e2-778-NPTDLFDM_1-e1788110361366-18x9.png",18,9,true],"rtcl-gallery":["https:\/\/arbeits-film-festival.at\/wp-content\/uploads\/2026\/08\/f7979e2-778-NPTDLFDM_1-e1788110361366-924x462.png",924,462,true],"rtcl-thumbnail":["https:\/\/arbeits-film-festival.at\/wp-content\/uploads\/2026\/08\/f7979e2-778-NPTDLFDM_1-e1788110361366-320x240.png",320,240,true],"rtcl-gallery-thumbnail":["https:\/\/arbeits-film-festival.at\/wp-content\/uploads\/2026\/08\/f7979e2-778-NPTDLFDM_1-e1788110361366-150x105.png",150,105,true],"mailpoet_newsletter_max":["https:\/\/arbeits-film-festival.at\/wp-content\/uploads\/2026\/08\/f7979e2-778-NPTDLFDM_1-e1788110361366-1320x673.png",1320,673,true]},"uagb_author_info":{"display_name":"administrador","author_link":"https:\/\/arbeits-film-festival.at\/en\/author\/admin\/"},"uagb_comment_info":0,"uagb_excerpt":"Die sch\u00f6ne, zornige Gig Economy-Kom\u00f6die \u201eErwarte nicht zu viel vom Ende der Welt\u201c (2023, Radu Jude) muss in Bukarest nicht lang nach Ausbeutungsverh\u00e4ltnissen suchen, sondern findet sie bereits unterwegs im Auto einer Produktionsassistentin.","_links":{"self":[{"href":"https:\/\/arbeits-film-festival.at\/en\/wp-json\/wp\/v2\/posts\/2609","targetHints":{"allow":["GET"]}}],"collection":[{"href":"https:\/\/arbeits-film-festival.at\/en\/wp-json\/wp\/v2\/posts"}],"about":[{"href":"https:\/\/arbeits-film-festival.at\/en\/wp-json\/wp\/v2\/types\/post"}],"author":[{"embeddable":true,"href":"https:\/\/arbeits-film-festival.at\/en\/wp-json\/wp\/v2\/users\/1"}],"replies":[{"embeddable":true,"href":"https:\/\/arbeits-film-festival.at\/en\/wp-json\/wp\/v2\/comments?post=2609"}],"version-history":[{"count":3,"href":"https:\/\/arbeits-film-festival.at\/en\/wp-json\/wp\/v2\/posts\/2609\/revisions"}],"predecessor-version":[{"id":2616,"href":"https:\/\/arbeits-film-festival.at\/en\/wp-json\/wp\/v2\/posts\/2609\/revisions\/2616"}],"wp:featuredmedia":[{"embeddable":true,"href":"https:\/\/arbeits-film-festival.at\/en\/wp-json\/wp\/v2\/media\/2610"}],"wp:attachment":[{"href":"https:\/\/arbeits-film-festival.at\/en\/wp-json\/wp\/v2\/media?parent=2609"}],"wp:term":[{"taxonomy":"category","embeddable":true,"href":"https:\/\/arbeits-film-festival.at\/en\/wp-json\/wp\/v2\/categories?post=2609"},{"taxonomy":"post_tag","embeddable":true,"href":"https:\/\/arbeits-film-festival.at\/en\/wp-json\/wp\/v2\/tags?post=2609"}],"curies":[{"name":"wp","href":"https:\/\/api.w.org\/{rel}","templated":true}]}}