{"id":2617,"date":"2026-08-30T19:36:57","date_gmt":"2026-08-30T17:36:57","guid":{"rendered":"https:\/\/arbeits-film-festival.at\/?p=2617"},"modified":"2026-08-30T19:38:04","modified_gmt":"2026-08-30T17:38:04","slug":"fischereipolitik-und-das-gesetz-des-arbeitsunfalls","status":"publish","type":"post","link":"https:\/\/arbeits-film-festival.at\/en\/2026\/08\/30\/fischereipolitik-und-das-gesetz-des-arbeitsunfalls\/","title":{"rendered":"Fischereipolitik und das Gesetz des Arbeitsunfalls"},"content":{"rendered":"<style>.kb-row-layout-wrap.wp-block-kadence-rowlayout.kb-row-layout-id2617_78069c-68{margin-top:0px;margin-bottom:0px;}.kb-row-layout-id2617_78069c-68 > .kt-row-column-wrap{align-content:center;}:where(.kb-row-layout-id2617_78069c-68 > .kt-row-column-wrap) > .wp-block-kadence-column{justify-content:center;}.kb-row-layout-id2617_78069c-68 > .kt-row-column-wrap{column-gap:var(--global-kb-gap-none, 0rem );row-gap:var(--global-kb-gap-md, 2rem);max-width:var(--wp--style--global--content-size);padding-top:var(--global-kb-spacing-xl, 4rem);padding-right:0px;padding-bottom:0px;min-height:852px;grid-template-columns:minmax(0, 2fr) minmax(0, 1fr);}.kb-row-layout-id2617_78069c-68{--breakout-negative-margin-right:calc( ( ( ( var(--global-vw, 100vw) - ( var(--wp--style--global--content-size) - ( 0px*2 ) ) ) \/ 2 ) *-1) + -1px);--breakout-negative-margin-left:calc( ( ( ( var(--global-vw, 100vw) - ( var(--wp--style--global--content-size) - ( 0px*2 ) ) ) \/ 2 ) *-1) + -1px);}.kb-row-layout-id2617_78069c-68{background-color:rgba(17,17,17,0);}.kb-row-layout-id2617_78069c-68 > .kt-row-layout-overlay{opacity:0.30;}.kb-row-layout-id2617_78069c-68{z-index:906;position:relative;}@media all and (min-width: 1025px){.kb-row-layout-id2617_78069c-68 > .kt-row-column-wrap > .wp-block-kadence-column:nth-child(1 of *:not(style)){margin-inline-start:calc( 0px *-1 );margin-inline-start:var(--breakout-negative-margin-left);}.kb-row-layout-id2617_78069c-68 > .kt-row-column-wrap > .wp-block-kadence-column:nth-child(2 of *:not(style)){margin-inline-end:calc( 0px *-1 );margin-inline-end:var(--breakout-negative-margin-right);}}@media all and (max-width: 1024px){.kb-row-layout-id2617_78069c-68 > .kt-row-column-wrap{grid-template-columns:minmax(0, 1fr) minmax(0, 2fr);}}@media all and (min-width: 768px) and (max-width: 1024px){.kb-row-layout-id2617_78069c-68 > .kt-row-column-wrap:not(.kt-tab-layout-row) > .wp-block-kadence-column:nth-child(1 of *:not(style)){margin-inline-start:calc( 0px *-1 );}.kb-row-layout-id2617_78069c-68 > .kt-row-column-wrap:not(.kt-tab-layout-row) > .wp-block-kadence-column:nth-child(2 of *:not(style)){margin-inline-end:calc( 0px *-1 );}}@media all and (max-width: 767px){.kb-row-layout-id2617_78069c-68 > .kt-row-column-wrap{padding-top:0px;padding-right:0px;padding-bottom:0px;padding-left:0px;grid-template-columns:minmax(0, 1fr);}}<\/style><div class=\"kb-row-layout-wrap kb-row-layout-id2617_78069c-68 alignfull kt-row-has-bg wp-block-kadence-rowlayout\"><div class=\"kt-row-column-wrap kt-has-2-columns kt-row-layout-left-golden kt-tab-layout-right-golden kt-mobile-layout-row kt-row-valign-middle kt-inner-column-height-full kb-theme-content-width\">\n<style>.kadence-column2617_249a09-44 > .kt-inside-inner-col{min-height:600px;}.kadence-column2617_249a09-44 > .kt-inside-inner-col,.kadence-column2617_249a09-44 > .kt-inside-inner-col:before{border-top-left-radius:0px;border-top-right-radius:0px;border-bottom-right-radius:0px;border-bottom-left-radius:0px;}.kadence-column2617_249a09-44 > .kt-inside-inner-col{column-gap:var(--global-kb-gap-sm, 1rem);}.kadence-column2617_249a09-44 > .kt-inside-inner-col{flex-direction:column;}.kadence-column2617_249a09-44 > .kt-inside-inner-col > .aligncenter{width:100%;}.kadence-column2617_249a09-44 > .kt-inside-inner-col:before{opacity:0.3;}.kadence-column2617_249a09-44{position:relative;}@media all and (max-width: 1024px){.kadence-column2617_249a09-44 > .kt-inside-inner-col{flex-direction:column;justify-content:center;}}@media all and (max-width: 1024px){.kadence-column2617_249a09-44, .kt-inside-inner-col > .kadence-column2617_249a09-44:not(.specificity){margin-left:-25%;}}@media all and (max-width: 767px){.kadence-column2617_249a09-44 > .kt-inside-inner-col{min-height:300px;flex-direction:column;justify-content:center;}.kadence-column2617_249a09-44, .kt-inside-inner-col > .kadence-column2617_249a09-44:not(.specificity){margin-top:0%;margin-right:0%;margin-bottom:0%;margin-left:0%;}}<\/style>\n<div class=\"wp-block-kadence-column kadence-column2617_249a09-44 inner-column-1\"><div class=\"kt-inside-inner-col\">\n<figure class=\"wp-block-image size-full\"><img decoding=\"async\" src=\"https:\/\/arbeits-film-festival.at\/wp-content\/uploads\/2026\/08\/Blackport-e1788111398611.webp\" alt=\"\" class=\"wp-image-2626\"\/><\/figure>\n\n\n\n<p class=\"has-x-large-font-size wp-block-paragraph\" style=\"padding-top:0;padding-bottom:0;line-height:1.2;text-transform:uppercase\"><strong>Fischereipolitik und das Gesetz des Arbeitsunfalls<\/strong><\/p>\n\n\n\n<p class=\"wp-block-paragraph\" style=\"text-transform:uppercase\"><strong>Die Serie \u201aBlackport\u2018 (2021) arbeitet virtuos ein St\u00fcck isl\u00e4ndische Wirtschaftsgeschichte rund um die Einf\u00fchrung der Fischereifangquoten auf. Dramatisch, am\u00fcsant und zugleich bildend spiegeln sich in diesem Mikrokosmos die Missst\u00e4nde der Welt.<\/strong><\/p>\n\n\n\n<p class=\"wp-block-paragraph\">Die ersten Folgen der Miniserie \u201eVerb\u00fa\u00f0in\u201c (IS, 2021), mit dem nichtssagenden englischen Verleihtitel \u201eBlackport\u201c, vermitteln einen authentischen Eindruck des isl\u00e4ndischen Fischereiarbeiter:innenmilieus der 1980er Jahre. Um wachzubleiben in der Fischfabrik schmei\u00dft man Drogen ein und die After-Work-Partys, befeuert von illegalem Alkohol und zur Not auch mit Frostschutzmittel, zeugen von einer Rustikalit\u00e4t und Ausgelassenheit die seinesgleichen suchen.<br><br>Da trennt etwa die Maschine die Hand vom Arbeiter, statt den Kopf vom Fisch, oder es f\u00e4hrt einem Fischer ein Bolzen ins Gesicht, weil die Unachtsamkeit eines anderen Arbeiters das F\u00f6rderband zerspringen l\u00e4sst. Man f\u00fchlt fast ein wenig Genugtuung, wenn sich zur Abwechslung mal ein Lokalpolitiker bei der Einweihung einer neuen Werkst\u00e4tte der hiesigen Berufsschule mit der Bands\u00e4ge einen Finger abtrennt. Letztlich schreibt sich aber auch dabei das Gesetz der Serie von Arbeitsunf\u00e4llen fort. Arbeitsunf\u00e4lle sind Teil von Arbeit, werden aber selten dargestellt. \u201cBlackpool\u201d ist eine Ausnahme und beweist, dass der Arbeitsunfall auch als dramaturgisches Element taugt.<br><br>Durch den Einsatz von Archivmaterial in den Er\u00f6ffnungssequenzen, einer grandiosen Ausstattung sowie der direkten Bildsprache vermittelt \u201cBlackport\u201d uns Zusehern ein isl\u00e4ndisches Gesellschaftspanorama nahe am Leben. Selbst die Sexszenen wirken authentischer, zumal die beteiligten K\u00f6rper fern von g\u00e4ngigen Sch\u00f6nheitsidealen sind.\u00a0 Realit\u00e4tsnah ist letztlich auch die Story (\u201eberuhend auf wahren Begebenheiten\u201c), welche die Jahre 1983 bis 1991, umspannt. Aufnahmen des Gipfeltreffens von Ronald Reagan und Michail Gorbatschow in Reykjav\u00edk 1986, liefern einen zeitlichen\u00a0Anker.<br><br>Um der \u00dcberfischung entgegenzuwirken, f\u00fchrte 1983 der Fischereiminister ein neues System von \u00fcbertragbaren Fangquoten ein, basierend auf den F\u00e4ngen der letzten drei Jahren. Die zun\u00e4chst befristete Regelung wurde 1990 Gesetz und war damals, wie auch heute wieder, \u00e4u\u00dferst umstritten, da es die Branchengr\u00f6\u00dfen und die zuf\u00e4llig vom Fischergl\u00fcck beg\u00fcnstigten bevorzugte. Eine kleine Zahl reicher Fangflotteneigner (\u201eQuotenk\u00f6nige\u201c) erhielten einen erheblichen Anteil der j\u00e4hrlichen Quoten, die sie gewinnbringend an andere Fischer verkaufen konnten. Faktisch wurden damit die Fischereigr\u00fcnde, die sich im kollektiven Eigentum der isl\u00e4ndischen Bev\u00f6lkerung befanden, privatisiert. Nichtdestotrotz, besagt die Pr\u00e4ambel des isl\u00e4ndischen Fischereigesetzes, dass der Fisch um Island herum dem isl\u00e4ndischen Volk geh\u00f6rt, was in Wirklichkeit nicht der Fall ist und im krassen Widerspruch zum Rest des Gesetzes und der gelebten Praxis steht.<br><br>Die Serie beschreibt vor diesem Hintergrund den Aufstieg von J\u00f3n (G\u00edsli \u00d6rn Gar\u00f0arsson), B\u00fcrgermeister einer Kleinststadt auf der Halbinsel Westfjorde, zum Fischereiministers und jenen seiner ehrgeizigen Sekret\u00e4rin Harpa (N\u00edna D\u00f6gg Filippusd\u00f3ttir), und heimlichen Geliebten, zur Quotenk\u00f6nigin und \u201eWestfjorde-Hexe\u201c. Gemeinsam mit ihrem Mann Gr\u00edmur (Bj\u00f6rn Hlynur Haraldsson), dem Kapit\u00e4n des einzigen Trawlers der Stadt, und einem befreundeten Paar baut sie \u00fcber die Jahre ein veritables Fischerei-Imperium auf, wenngleich sich der damit erzielte Wohlstand im Vergleich zum Turbokapitalismus der 1990er Jahre bescheiden ausnimmt. Die Bedeutung des Fangquotengesetzes f\u00fcr die isl\u00e4ndische Gesellschaft wird deutlich, wenn man bedenkt das ein Viertel des Bruttoinlandsprodukts direkt oder indirekt auf die Fischerei zur\u00fcckgeht und Fischprodukte fast die H\u00e4lfte des gesamten Exports ausmachen. Zum Vergleich: das kleine Island f\u00e4ngt mehr Fisch als das Vereinigte K\u00f6nigreich.<br><br>Neben der erw\u00e4hnten Authentizit\u00e4t, die allerdings nie ins Dokumentarische abgleitet, sondern stets dem Drama verhaftet bleibt, ist es vor allem die Darstellung der Verflechtung von Familie, Politik und Unternehmertum mit der die Serie, \u00fcber ihren Unterhaltungswert hinaus, besticht. Im Mikrokosmos Island entfaltet sich ein Zusammenspiel zwischen Familien, Politik, Unternehmen, Arbeiterschaft, Banken und Medien, das sichtbar und begreifbar wird: Was am K\u00fcchentisch besprochen wird, findet sich tags darauf im Parlament; der Ehebruch ger\u00e4t zum \u00f6ffentlichen Faustkampf in der Talkshow; einen investigativen Journalisten auszuschalten, kostet einen Anruf; die Entscheidung der Quotenk\u00f6nigin ihr Unternehmen zu verkaufen, f\u00fchrt zum Ruin der Gemeinde, usw.<br><br>Nun mag man dem entgegenhalten, dass alle Isl\u00e4nder:innen miteinander \u00fcber eine Ecke bekannt sind (wohingegen anderswo es immerhin sechs Kontake bedarf) und daher die Wege ins \u201eAlthing\u201c, dem isl\u00e4ndische Parlament, entsprechend kurz sind. Der Reiz der Serie liegt aber gerade in der Tatsache, dass die einzelnen Subsysteme bzw. Institutionen (Familie, Staat, \u00d6ffentlichkeit, Wirtschaft etc.), verk\u00f6rpert durch einzelne Figuren, unmittelbar ineinandergreifen und die gegenseitigen Abh\u00e4ngigkeiten deutlich werden. Damit wird die Komplexit\u00e4t des Kapitalismus ein St\u00fcck fassbarer.<br><br>Es steht nicht die Arbeiterschaft auf der einen und die Wirtschaft auf der anderen Seite. Sondern wie anderswo auch, ringen Menschen mit- und gegeneinander, die verbr\u00fcdert, verheiratet, verschw\u00e4gert, verliebt oder verhasst sind. G\u00edsli \u00d6rn Gardarsson, Regisseur, Autor und Hauptdarsteller, bring es in einem Variety-Interview (2022) auf den Punkt: \u201eUnsere Figuren werden zur Verk\u00f6rperung des Systems. Sie werden zu dem System und das System wird zu ihnen. Und durch ihre pers\u00f6nliche Reise bekommen wir hoffentlich einen ziemlich klaren Blick auf das, was passiert ist.\u201c Dass diese \u201eSysteme\u201c nicht durchgehend korrupt, skrupellos und ehrgeizig sind, blitzt da und dort auf. Etwa wenn sich Harpa aus wirtschaftlich Gr\u00fcnden zur Gesetzes\u00fcbertretung gezwungen sieht und ihr eigenes Handeln kommentiert: \u201eSo will ich mein Unternehmen nicht f\u00fchren [m\u00fcssen]\u201c. Und dennoch entscheidet sie, wie auch andere Wirtschaftstreibende h\u00e4ufig, gegen das Gemeinwohl. Diese Szene liefert einen perfekten Ausgangspunkt f\u00fcr Diskussionen \u00fcber ethisches wirtschaftliches Handeln und ist ein Lehrbeispiel zur Erl\u00e4uterung, was im Kapitalismus schiefl\u00e4uft.<br><br>Mein pers\u00f6nliches Highlight von \u201cBlackport\u201d l\u00e4sst sich ebenfalls durch die Personifizierung der Systeme deuten. Im Zuge einer gro\u00dfen Auss\u00f6hnung geben sich J\u00f3n, Gr\u00edmur und Harpa sowie deren befreundetes Teilhaberpaar die Kante und stellen dabei allerlei Bl\u00f6dsinn an, den man selbst den infantilsten Teenagern kaum zutraut. Wenn sie sich etwa gegenseitig mit Fisch bewerfen, so ist das zwar belustigend, aber verk\u00f6rpert auch die Beziehung von Politik und Wirtschaft; wenn sie nach durchzechter Nacht noch volltrunken und kichernd durch die Fr\u00fchschicht der Fischfabrik taumeln, dann ist das ebenfalls am\u00fcsant, aber steht auch f\u00fcr eine Ver\u00e4ppelung der Arbeiterinnen und Arbeiter seitens der Politik und des Kapitals.<br><br>Zurecht hat die Serie 2023 beim isl\u00e4ndischer Film- und Fernsehpreis Edda abger\u00e4umt. Es bleibt zu hoffen, dass sich das Kreativ-Trio Gar\u00f0arsson, Filippusd\u00f3ttir undHaraldsson mit dem erprobten Ansatz und mit derselben Gr\u00fcndlichkeit weiterer H\u00f6hepunkte der j\u00fcngeren isl\u00e4ndischen Wirtschaftsgeschichte annimmt. Als Prequel bieten sich die Kabeljaukriege der 1970er zwischen Island und Gro\u00dfbritannien an, als Sequel die Finanzkrise von 2008 mit der daraus resultierenden Regierungskrise.<br><br>Referenzen:<br>Sigfusson, T., Arnason, R., &amp; Morrissey, K. (2013). The economic importance of the Icelandic fisheries cluster\u2014Understanding the role of fisheries in a small economy.\u00a0<em>Marine Policy<\/em>,\u00a039, 154\u2013161.<br>Gray, Tim S. (ed.) (1998).\u00a0<em>The Politics of Fishing<\/em>. London: Palgrave Macmillan.<br>Linville, JD (Jan 31, 2022).\u00a0<a href=\"https:\/\/variety.com\/2022\/tv\/news\/icelandic-political-drama-blackport-goteborg-1235167400\/\">Icelandic Series Mania Winner \u2018Blackport\u2019 Brings Political Drama, Severed Limbs to G\u00f6teborg<\/a>, Variety.<br>Yingst, A., &amp; Skaptadottir, U. D. (2018). Gendered labor in the Icelandic fish processing industry.\u00a0<em>Maritime Studies<\/em>, 17(2), 125\u2013132.<br>Heath, Elizabeth (Feb 8, 2022).\u00a0<a href=\"https:\/\/www.smithsonianmag.com\/history\/how-icelands-herring-girls-helped-bring-equality-to-the-island-nation-180979513\/\">How Iceland\u2019s Herring Girls Helped Bring Equality to the Island Nation<\/a>, Smithsonian Magazine.<\/p>\n<\/div><\/div>\n\n\n<style>.kadence-column2617_a386ac-f1 > .kt-inside-inner-col{display:flex;}.kadence-column2617_a386ac-f1 > .kt-inside-inner-col{padding-right:var(--global-kb-spacing-md, 2rem);padding-bottom:var(--global-kb-spacing-lg, 3rem);padding-left:var(--global-kb-spacing-3xl, 6.5rem);}.kadence-column2617_a386ac-f1 > .kt-inside-inner-col,.kadence-column2617_a386ac-f1 > .kt-inside-inner-col:before{border-top-left-radius:0px;border-top-right-radius:0px;border-bottom-right-radius:0px;border-bottom-left-radius:0px;}.kadence-column2617_a386ac-f1 > .kt-inside-inner-col{column-gap:var(--global-kb-gap-sm, 1rem);}.kadence-column2617_a386ac-f1 > .kt-inside-inner-col{flex-direction:column;justify-content:flex-start;}.kadence-column2617_a386ac-f1 > .kt-inside-inner-col > .aligncenter{width:100%;}.kt-row-column-wrap > .kadence-column2617_a386ac-f1{align-self:flex-start;}.kt-inner-column-height-full:not(.kt-has-1-columns) > .wp-block-kadence-column.kadence-column2617_a386ac-f1{align-self:auto;}.kt-inner-column-height-full:not(.kt-has-1-columns) > .wp-block-kadence-column.kadence-column2617_a386ac-f1 > .kt-inside-inner-col{flex-direction:column;justify-content:flex-start;}.kadence-column2617_a386ac-f1 > .kt-inside-inner-col:before{opacity:0.3;}.kadence-column2617_a386ac-f1{position:relative;}@media all and (max-width: 1024px){.kadence-column2617_a386ac-f1 > .kt-inside-inner-col{padding-left:var(--global-kb-spacing-md, 2rem);flex-direction:column;justify-content:flex-start;}}@media all and (max-width: 1024px){.kt-row-column-wrap > .kadence-column2617_a386ac-f1{align-self:flex-start;}}@media all and (max-width: 1024px){.kt-inner-column-height-full:not(.kt-has-1-columns) > .wp-block-kadence-column.kadence-column2617_a386ac-f1{align-self:auto;}}@media all and (max-width: 1024px){.kt-inner-column-height-full:not(.kt-has-1-columns) > .wp-block-kadence-column.kadence-column2617_a386ac-f1 > .kt-inside-inner-col{flex-direction:column;justify-content:flex-start;}}@media all and (max-width: 767px){.kadence-column2617_a386ac-f1 > .kt-inside-inner-col{padding-right:var(--global-kb-spacing-sm, 1.5rem);padding-left:var(--global-kb-spacing-sm, 1.5rem);flex-direction:column;justify-content:flex-start;}.kt-row-column-wrap > .kadence-column2617_a386ac-f1{align-self:flex-start;}.kt-inner-column-height-full:not(.kt-has-1-columns) > .wp-block-kadence-column.kadence-column2617_a386ac-f1{align-self:auto;}.kt-inner-column-height-full:not(.kt-has-1-columns) > .wp-block-kadence-column.kadence-column2617_a386ac-f1 > .kt-inside-inner-col{flex-direction:column;justify-content:flex-start;}}<\/style>\n<div class=\"wp-block-kadence-column kadence-column2617_a386ac-f1 kb-section-dir-vertical inner-column-2\"><div class=\"kt-inside-inner-col\">\n<div style=\"height:330px\" aria-hidden=\"true\" class=\"wp-block-spacer\"><\/div>\n\n\n\n<p class=\"wp-block-paragraph\"><br>J\u00f6rg Markowitsch <strong>\u2501\u2501 <\/strong>30.01.2024<\/p>\n\n\n\n<div class=\"wp-block-group is-layout-constrained wp-container-core-group-is-layout-9790f0ff wp-block-group-is-layout-constrained\">\n<figure class=\"wp-block-embed is-type-video is-provider-youtube wp-block-embed-youtube wp-embed-aspect-16-9 wp-has-aspect-ratio\" style=\"margin-top:0;margin-bottom:0\"><div class=\"wp-block-embed__wrapper\">\n<div class=\"responsive-container\"><iframe loading=\"lazy\" title=\"Blackport Season 1 | Trailer | Topic\" width=\"500\" height=\"281\" src=\"https:\/\/www.youtube.com\/embed\/LJBm1_gGEiQ?feature=oembed\" frameborder=\"0\" allow=\"accelerometer; autoplay; clipboard-write; encrypted-media; gyroscope; picture-in-picture; web-share\" referrerpolicy=\"strict-origin-when-cross-origin\" allowfullscreen><\/iframe><\/div>\n<\/div><\/figure>\n\n\n\n<p class=\"wp-block-paragraph\" style=\"font-size:12px;text-transform:uppercase\">Blackport (Verb\u00fa\u00f0in, IS, 2021), G\u00edsli \u00d6rn Gar\u00f0arsson, Trailer, EN Untertitel<\/p>\n<\/div>\n\n\n\n<div style=\"height:25px\" aria-hidden=\"true\" class=\"wp-block-spacer\"><\/div>\n\n\n\n<div class=\"wp-block-group is-layout-constrained wp-container-core-group-is-layout-9790f0ff wp-block-group-is-layout-constrained\">\n<figure class=\"wp-block-image size-full\" style=\"margin-top:0;margin-bottom:0\"><img loading=\"lazy\" decoding=\"async\" width=\"2560\" height=\"1690\" src=\"https:\/\/arbeits-film-festival.at\/wp-content\/uploads\/2026\/08\/Blackport-Staffel-1-Szene-4-scaled-1.jpg\" alt=\"\" class=\"wp-image-2622\" srcset=\"https:\/\/arbeits-film-festival.at\/wp-content\/uploads\/2026\/08\/Blackport-Staffel-1-Szene-4-scaled-1.jpg 2560w, https:\/\/arbeits-film-festival.at\/wp-content\/uploads\/2026\/08\/Blackport-Staffel-1-Szene-4-scaled-1-300x198.jpg 300w, https:\/\/arbeits-film-festival.at\/wp-content\/uploads\/2026\/08\/Blackport-Staffel-1-Szene-4-scaled-1-1024x676.jpg 1024w, https:\/\/arbeits-film-festival.at\/wp-content\/uploads\/2026\/08\/Blackport-Staffel-1-Szene-4-scaled-1-768x507.jpg 768w, https:\/\/arbeits-film-festival.at\/wp-content\/uploads\/2026\/08\/Blackport-Staffel-1-Szene-4-scaled-1-1536x1014.jpg 1536w, https:\/\/arbeits-film-festival.at\/wp-content\/uploads\/2026\/08\/Blackport-Staffel-1-Szene-4-scaled-1-2048x1352.jpg 2048w, https:\/\/arbeits-film-festival.at\/wp-content\/uploads\/2026\/08\/Blackport-Staffel-1-Szene-4-scaled-1-18x12.jpg 18w, https:\/\/arbeits-film-festival.at\/wp-content\/uploads\/2026\/08\/Blackport-Staffel-1-Szene-4-scaled-1-1320x871.jpg 1320w\" sizes=\"auto, (max-width: 2560px) 100vw, 2560px\" \/><\/figure>\n\n\n\n<div class=\"wp-block-group is-layout-constrained wp-container-core-group-is-layout-ee2332cf wp-block-group-is-layout-constrained\">\n<p class=\"has-ast-global-color-1-color has-text-color has-link-color wp-elements-1 wp-block-paragraph\" style=\"font-size:12px;text-transform:uppercase\">Blackport (IS, 2021), filmstill.<br>\u00a9 Asgeir Helgi Thrastarson\/Vesturport\/arte<\/p>\n<\/div>\n<\/div>\n\n\n\n<div style=\"height:35px\" aria-hidden=\"true\" class=\"wp-block-spacer\"><\/div>\n\n\n\n<div class=\"wp-block-group is-layout-constrained wp-container-core-group-is-layout-9790f0ff wp-block-group-is-layout-constrained\">\n<figure class=\"wp-block-image size-full\" style=\"margin-top:0;margin-bottom:0\"><img loading=\"lazy\" decoding=\"async\" width=\"2560\" height=\"1690\" src=\"https:\/\/arbeits-film-festival.at\/wp-content\/uploads\/2026\/08\/Blackport-Staffel-1-Szene-6-scaled-1.jpg\" alt=\"\" class=\"wp-image-2623\" srcset=\"https:\/\/arbeits-film-festival.at\/wp-content\/uploads\/2026\/08\/Blackport-Staffel-1-Szene-6-scaled-1.jpg 2560w, https:\/\/arbeits-film-festival.at\/wp-content\/uploads\/2026\/08\/Blackport-Staffel-1-Szene-6-scaled-1-300x198.jpg 300w, https:\/\/arbeits-film-festival.at\/wp-content\/uploads\/2026\/08\/Blackport-Staffel-1-Szene-6-scaled-1-1024x676.jpg 1024w, https:\/\/arbeits-film-festival.at\/wp-content\/uploads\/2026\/08\/Blackport-Staffel-1-Szene-6-scaled-1-768x507.jpg 768w, https:\/\/arbeits-film-festival.at\/wp-content\/uploads\/2026\/08\/Blackport-Staffel-1-Szene-6-scaled-1-1536x1014.jpg 1536w, https:\/\/arbeits-film-festival.at\/wp-content\/uploads\/2026\/08\/Blackport-Staffel-1-Szene-6-scaled-1-2048x1352.jpg 2048w, https:\/\/arbeits-film-festival.at\/wp-content\/uploads\/2026\/08\/Blackport-Staffel-1-Szene-6-scaled-1-18x12.jpg 18w, https:\/\/arbeits-film-festival.at\/wp-content\/uploads\/2026\/08\/Blackport-Staffel-1-Szene-6-scaled-1-1320x871.jpg 1320w\" sizes=\"auto, (max-width: 2560px) 100vw, 2560px\" \/><\/figure>\n\n\n\n<div class=\"wp-block-group is-layout-constrained wp-container-core-group-is-layout-ee2332cf wp-block-group-is-layout-constrained\">\n<p class=\"has-ast-global-color-1-color has-text-color has-link-color wp-elements-2 wp-block-paragraph\" style=\"font-size:12px;text-transform:uppercase\">Blackport (IS, 2021), filmstill.<br>\u00a9 Asgeir Helgi Thrastarson\/Vesturport\/arte<\/p>\n<\/div>\n<\/div>\n\n\n\n<div style=\"height:35px\" aria-hidden=\"true\" class=\"wp-block-spacer\"><\/div>\n\n\n\n<div class=\"wp-block-group is-layout-constrained wp-container-core-group-is-layout-9790f0ff wp-block-group-is-layout-constrained\">\n<figure class=\"wp-block-image size-full\" style=\"margin-top:0;margin-bottom:0\"><img loading=\"lazy\" decoding=\"async\" width=\"680\" height=\"385\" src=\"https:\/\/arbeits-film-festival.at\/wp-content\/uploads\/2026\/08\/f4406f62-c819-11ed-a34d.webp\" alt=\"\" class=\"wp-image-2624\" srcset=\"https:\/\/arbeits-film-festival.at\/wp-content\/uploads\/2026\/08\/f4406f62-c819-11ed-a34d.webp 680w, https:\/\/arbeits-film-festival.at\/wp-content\/uploads\/2026\/08\/f4406f62-c819-11ed-a34d-300x170.webp 300w, https:\/\/arbeits-film-festival.at\/wp-content\/uploads\/2026\/08\/f4406f62-c819-11ed-a34d-18x10.webp 18w\" sizes=\"auto, (max-width: 680px) 100vw, 680px\" \/><\/figure>\n\n\n\n<div class=\"wp-block-group is-layout-constrained wp-container-core-group-is-layout-ee2332cf wp-block-group-is-layout-constrained\">\n<p class=\"has-ast-global-color-1-color has-text-color has-link-color wp-elements-3 wp-block-paragraph\" style=\"font-size:12px;text-transform:uppercase\">Blackport (IS, 2021), filmstill.<br>\u00a9 Asgeir Helgi Thrastarson\/Vesturport\/arte<\/p>\n<\/div>\n<\/div>\n\n\n\n<div style=\"height:35px\" aria-hidden=\"true\" class=\"wp-block-spacer\"><\/div>\n\n\n\n<div class=\"wp-block-group is-layout-constrained wp-container-core-group-is-layout-9790f0ff wp-block-group-is-layout-constrained\">\n<figure class=\"wp-block-image size-full\" style=\"margin-top:0;margin-bottom:0\"><img loading=\"lazy\" decoding=\"async\" width=\"580\" height=\"326\" src=\"https:\/\/arbeits-film-festival.at\/wp-content\/uploads\/2026\/08\/i-106.jpg\" alt=\"\" class=\"wp-image-2625\" srcset=\"https:\/\/arbeits-film-festival.at\/wp-content\/uploads\/2026\/08\/i-106.jpg 580w, https:\/\/arbeits-film-festival.at\/wp-content\/uploads\/2026\/08\/i-106-300x169.jpg 300w, https:\/\/arbeits-film-festival.at\/wp-content\/uploads\/2026\/08\/i-106-18x10.jpg 18w\" sizes=\"auto, (max-width: 580px) 100vw, 580px\" \/><\/figure>\n\n\n\n<div class=\"wp-block-group is-layout-constrained wp-container-core-group-is-layout-ee2332cf wp-block-group-is-layout-constrained\">\n<p class=\"has-ast-global-color-1-color has-text-color has-link-color wp-elements-4 wp-block-paragraph\" style=\"font-size:12px;text-transform:uppercase\">Blackport (IS, 2021), filmstill.<br>\u00a9 Asgeir Helgi Thrastarson\/Vesturport\/arte<\/p>\n<\/div>\n<\/div>\n\n\n\n<div style=\"height:35px\" aria-hidden=\"true\" class=\"wp-block-spacer\"><\/div>\n\n\n\n<div class=\"wp-block-group is-layout-constrained wp-container-core-group-is-layout-9790f0ff wp-block-group-is-layout-constrained\">\n<figure class=\"wp-block-image size-full\" style=\"margin-top:0;margin-bottom:0\"><img decoding=\"async\" src=\"https:\/\/arbeits-film-festival.at\/wp-content\/uploads\/2026\/08\/Blackport.webp\" alt=\"\" class=\"wp-image-2626\"\/><\/figure>\n\n\n\n<div class=\"wp-block-group is-layout-constrained wp-container-core-group-is-layout-ee2332cf wp-block-group-is-layout-constrained\">\n<p class=\"has-ast-global-color-1-color has-text-color has-link-color wp-elements-5 wp-block-paragraph\" style=\"font-size:12px;text-transform:uppercase\">Blackport (IS, 2021), filmstill.<br>\u00a9 Asgeir Helgi Thrastarson\/Vesturport\/arte<\/p>\n<\/div>\n<\/div>\n\n\n\n<div style=\"height:35px\" aria-hidden=\"true\" class=\"wp-block-spacer\"><\/div>\n\n\n\n<p class=\"wp-block-paragraph\">Tags  <strong>\u2501\u2501\u2501\u2501<strong>\u2501<\/strong>\u2501<strong>\u2501\u2501\u2501<strong>\u2501<\/strong>\u2501<\/strong><\/strong><\/p>\n\n\n<div style=\"text-transform:uppercase\" class=\"taxonomy-post_tag wp-block-post-terms has-small-font-size\"><a href=\"https:\/\/arbeits-film-festival.at\/en\/tag\/1980er\/\" rel=\"tag\">1980er<\/a><span class=\"wp-block-post-terms__separator\">, <\/span><a href=\"https:\/\/arbeits-film-festival.at\/en\/tag\/arbeitsunfall\/\" rel=\"tag\">Arbeitsunfall<\/a><span class=\"wp-block-post-terms__separator\">, <\/span><a href=\"https:\/\/arbeits-film-festival.at\/en\/tag\/arte\/\" rel=\"tag\">ARTE<\/a><span class=\"wp-block-post-terms__separator\">, <\/span><a href=\"https:\/\/arbeits-film-festival.at\/en\/tag\/fischerei\/\" rel=\"tag\">Fischerei<\/a><span class=\"wp-block-post-terms__separator\">, <\/span><a href=\"https:\/\/arbeits-film-festival.at\/en\/tag\/fischereifangquoten\/\" rel=\"tag\">Fischereifangquoten<\/a><span class=\"wp-block-post-terms__separator\">, <\/span><a href=\"https:\/\/arbeits-film-festival.at\/en\/tag\/fischfabrik\/\" rel=\"tag\">Fischfabrik<\/a><span class=\"wp-block-post-terms__separator\">, <\/span><a href=\"https:\/\/arbeits-film-festival.at\/en\/tag\/gisli-oern-gardarsson\/\" rel=\"tag\">G\u00edsli \u00d6rn Gardarsson<\/a><span class=\"wp-block-post-terms__separator\">, <\/span><a href=\"https:\/\/arbeits-film-festival.at\/en\/tag\/island\/\" rel=\"tag\">Island<\/a><\/div><\/div><\/div>\n\n<\/div><\/div>","protected":false},"excerpt":{"rendered":"<p>Die Serie \u201aBlackport\u2018 (2021) arbeitet virtuos ein St\u00fcck isl\u00e4ndische Wirtschaftsgeschichte rund um die Einf\u00fchrung der Fischereifangquoten auf. Dramatisch, am\u00fcsant und zugleich bildend spiegeln sich in diesem Mikrokosmos die Missst\u00e4nde der Welt.<\/p>","protected":false},"author":1,"featured_media":2626,"comment_status":"closed","ping_status":"open","sticky":false,"template":"","format":"standard","meta":{"_uag_custom_page_level_css":"","site-sidebar-layout":"default","site-content-layout":"","ast-site-content-layout":"default","site-content-style":"default","site-sidebar-style":"default","ast-global-header-display":"","ast-banner-title-visibility":"","ast-main-header-display":"","ast-hfb-above-header-display":"","ast-hfb-below-header-display":"","ast-hfb-mobile-header-display":"","site-post-title":"disabled","ast-breadcrumbs-content":"","ast-featured-img":"","footer-sml-layout":"","ast-disable-related-posts":"","theme-transparent-header-meta":"","adv-header-id-meta":"","stick-header-meta":"","header-above-stick-meta":"","header-main-stick-meta":"","header-below-stick-meta":"","astra-migrate-meta-layouts":"default","ast-page-background-enabled":"default","ast-page-background-meta":{"desktop":{"background-color":"var(--ast-global-color-5)","background-image":"","background-repeat":"repeat","background-position":"center center","background-size":"auto","background-attachment":"scroll","background-type":"","background-media":"","overlay-type":"","overlay-color":"","overlay-opacity":"","overlay-gradient":""},"tablet":{"background-color":"","background-image":"","background-repeat":"repeat","background-position":"center center","background-size":"auto","background-attachment":"scroll","background-type":"","background-media":"","overlay-type":"","overlay-color":"","overlay-opacity":"","overlay-gradient":""},"mobile":{"background-color":"","background-image":"","background-repeat":"repeat","background-position":"center center","background-size":"auto","background-attachment":"scroll","background-type":"","background-media":"","overlay-type":"","overlay-color":"","overlay-opacity":"","overlay-gradient":""}},"ast-content-background-meta":{"desktop":{"background-color":"var(--ast-global-color-4)","background-image":"","background-repeat":"repeat","background-position":"center center","background-size":"auto","background-attachment":"scroll","background-type":"","background-media":"","overlay-type":"","overlay-color":"","overlay-opacity":"","overlay-gradient":""},"tablet":{"background-color":"var(--ast-global-color-4)","background-image":"","background-repeat":"repeat","background-position":"center center","background-size":"auto","background-attachment":"scroll","background-type":"","background-media":"","overlay-type":"","overlay-color":"","overlay-opacity":"","overlay-gradient":""},"mobile":{"background-color":"var(--ast-global-color-4)","background-image":"","background-repeat":"repeat","background-position":"center center","background-size":"auto","background-attachment":"scroll","background-type":"","background-media":"","overlay-type":"","overlay-color":"","overlay-opacity":"","overlay-gradient":""}},"_rtcl_gb_attr":"","footnotes":""},"categories":[8],"tags":[47,49,48,53,50,51,52,54],"class_list":["post-2617","post","type-post","status-publish","format-standard","has-post-thumbnail","hentry","category-work-o-witch","tag-1980er","tag-arbeitsunfall","tag-arte","tag-fischerei","tag-fischereifangquoten","tag-fischfabrik","tag-gisli-oern-gardarsson","tag-island"],"uagb_featured_image_src":{"full":["https:\/\/arbeits-film-festival.at\/wp-content\/uploads\/2026\/08\/Blackport-e1788111509405.webp",825,485,false],"thumbnail":["https:\/\/arbeits-film-festival.at\/wp-content\/uploads\/2026\/08\/Blackport-e1788111509405-150x150.webp",150,150,true],"medium":["https:\/\/arbeits-film-festival.at\/wp-content\/uploads\/2026\/08\/Blackport-e1788111509405-300x176.webp",300,176,true],"medium_large":["https:\/\/arbeits-film-festival.at\/wp-content\/uploads\/2026\/08\/Blackport-e1788111509405-768x451.webp",768,451,true],"large":["https:\/\/arbeits-film-festival.at\/wp-content\/uploads\/2026\/08\/Blackport-e1788111509405.webp",825,485,false],"1536x1536":["https:\/\/arbeits-film-festival.at\/wp-content\/uploads\/2026\/08\/Blackport-e1788111509405.webp",825,485,false],"2048x2048":["https:\/\/arbeits-film-festival.at\/wp-content\/uploads\/2026\/08\/Blackport-e1788111509405.webp",825,485,false],"trp-custom-language-flag":["https:\/\/arbeits-film-festival.at\/wp-content\/uploads\/2026\/08\/Blackport-e1788111509405-18x12.webp",18,12,true],"rtcl-gallery":["https:\/\/arbeits-film-festival.at\/wp-content\/uploads\/2026\/08\/Blackport-e1788111509405-825x462.webp",825,462,true],"rtcl-thumbnail":["https:\/\/arbeits-film-festival.at\/wp-content\/uploads\/2026\/08\/Blackport-e1788111509405-320x240.webp",320,240,true],"rtcl-gallery-thumbnail":["https:\/\/arbeits-film-festival.at\/wp-content\/uploads\/2026\/08\/Blackport-e1788111509405-150x105.webp",150,105,true],"mailpoet_newsletter_max":["https:\/\/arbeits-film-festival.at\/wp-content\/uploads\/2026\/08\/Blackport-e1788111509405.webp",825,485,false]},"uagb_author_info":{"display_name":"administrador","author_link":"https:\/\/arbeits-film-festival.at\/en\/author\/admin\/"},"uagb_comment_info":0,"uagb_excerpt":"Die Serie \u201aBlackport\u2018 (2021) arbeitet virtuos ein St\u00fcck isl\u00e4ndische Wirtschaftsgeschichte rund um die Einf\u00fchrung der Fischereifangquoten auf. Dramatisch, am\u00fcsant und zugleich bildend spiegeln sich in diesem Mikrokosmos die Missst\u00e4nde der Welt.","_links":{"self":[{"href":"https:\/\/arbeits-film-festival.at\/en\/wp-json\/wp\/v2\/posts\/2617","targetHints":{"allow":["GET"]}}],"collection":[{"href":"https:\/\/arbeits-film-festival.at\/en\/wp-json\/wp\/v2\/posts"}],"about":[{"href":"https:\/\/arbeits-film-festival.at\/en\/wp-json\/wp\/v2\/types\/post"}],"author":[{"embeddable":true,"href":"https:\/\/arbeits-film-festival.at\/en\/wp-json\/wp\/v2\/users\/1"}],"replies":[{"embeddable":true,"href":"https:\/\/arbeits-film-festival.at\/en\/wp-json\/wp\/v2\/comments?post=2617"}],"version-history":[{"count":2,"href":"https:\/\/arbeits-film-festival.at\/en\/wp-json\/wp\/v2\/posts\/2617\/revisions"}],"predecessor-version":[{"id":2628,"href":"https:\/\/arbeits-film-festival.at\/en\/wp-json\/wp\/v2\/posts\/2617\/revisions\/2628"}],"wp:featuredmedia":[{"embeddable":true,"href":"https:\/\/arbeits-film-festival.at\/en\/wp-json\/wp\/v2\/media\/2626"}],"wp:attachment":[{"href":"https:\/\/arbeits-film-festival.at\/en\/wp-json\/wp\/v2\/media?parent=2617"}],"wp:term":[{"taxonomy":"category","embeddable":true,"href":"https:\/\/arbeits-film-festival.at\/en\/wp-json\/wp\/v2\/categories?post=2617"},{"taxonomy":"post_tag","embeddable":true,"href":"https:\/\/arbeits-film-festival.at\/en\/wp-json\/wp\/v2\/tags?post=2617"}],"curies":[{"name":"wp","href":"https:\/\/api.w.org\/{rel}","templated":true}]}}