{"id":2629,"date":"2026-08-30T20:21:52","date_gmt":"2026-08-30T18:21:52","guid":{"rendered":"https:\/\/arbeits-film-festival.at\/?p=2629"},"modified":"2026-08-30T20:30:31","modified_gmt":"2026-08-30T18:30:31","slug":"frauen-im-laufgitter-weibliche-rollenbilder-und-die-schweizer-berufsbildung","status":"publish","type":"post","link":"https:\/\/arbeits-film-festival.at\/en\/2026\/08\/30\/frauen-im-laufgitter-weibliche-rollenbilder-und-die-schweizer-berufsbildung\/","title":{"rendered":"\u201cFrauen im Laufgitter\u201d. Weibliche Rollenbilder und die Schweizer Berufsbildung"},"content":{"rendered":"<style>.kb-row-layout-wrap.wp-block-kadence-rowlayout.kb-row-layout-id2629_40fdf5-a1{margin-top:0px;margin-bottom:0px;}.kb-row-layout-id2629_40fdf5-a1 > .kt-row-column-wrap{align-content:center;}:where(.kb-row-layout-id2629_40fdf5-a1 > .kt-row-column-wrap) > .wp-block-kadence-column{justify-content:center;}.kb-row-layout-id2629_40fdf5-a1 > .kt-row-column-wrap{column-gap:var(--global-kb-gap-none, 0rem );row-gap:var(--global-kb-gap-md, 2rem);max-width:var(--wp--style--global--content-size);padding-top:var(--global-kb-spacing-xl, 4rem);padding-right:0px;padding-bottom:0px;min-height:852px;grid-template-columns:minmax(0, 2fr) minmax(0, 1fr);}.kb-row-layout-id2629_40fdf5-a1{--breakout-negative-margin-right:calc( ( ( ( var(--global-vw, 100vw) - ( var(--wp--style--global--content-size) - ( 0px*2 ) ) ) \/ 2 ) *-1) + -1px);--breakout-negative-margin-left:calc( ( ( ( var(--global-vw, 100vw) - ( var(--wp--style--global--content-size) - ( 0px*2 ) ) ) \/ 2 ) *-1) + -1px);}.kb-row-layout-id2629_40fdf5-a1{background-color:rgba(17,17,17,0);}.kb-row-layout-id2629_40fdf5-a1 > .kt-row-layout-overlay{opacity:0.30;}.kb-row-layout-id2629_40fdf5-a1{z-index:906;position:relative;}@media all and (min-width: 1025px){.kb-row-layout-id2629_40fdf5-a1 > .kt-row-column-wrap > .wp-block-kadence-column:nth-child(1 of *:not(style)){margin-inline-start:calc( 0px *-1 );margin-inline-start:var(--breakout-negative-margin-left);}.kb-row-layout-id2629_40fdf5-a1 > .kt-row-column-wrap > .wp-block-kadence-column:nth-child(2 of *:not(style)){margin-inline-end:calc( 0px *-1 );margin-inline-end:var(--breakout-negative-margin-right);}}@media all and (max-width: 1024px){.kb-row-layout-id2629_40fdf5-a1 > .kt-row-column-wrap{grid-template-columns:minmax(0, 1fr) minmax(0, 2fr);}}@media all and (min-width: 768px) and (max-width: 1024px){.kb-row-layout-id2629_40fdf5-a1 > .kt-row-column-wrap:not(.kt-tab-layout-row) > .wp-block-kadence-column:nth-child(1 of *:not(style)){margin-inline-start:calc( 0px *-1 );}.kb-row-layout-id2629_40fdf5-a1 > .kt-row-column-wrap:not(.kt-tab-layout-row) > .wp-block-kadence-column:nth-child(2 of *:not(style)){margin-inline-end:calc( 0px *-1 );}}@media all and (max-width: 767px){.kb-row-layout-id2629_40fdf5-a1 > .kt-row-column-wrap{padding-top:0px;padding-right:0px;padding-bottom:0px;padding-left:0px;grid-template-columns:minmax(0, 1fr);}}<\/style><div class=\"kb-row-layout-wrap kb-row-layout-id2629_40fdf5-a1 alignfull kt-row-has-bg wp-block-kadence-rowlayout\"><div class=\"kt-row-column-wrap kt-has-2-columns kt-row-layout-left-golden kt-tab-layout-right-golden kt-mobile-layout-row kt-row-valign-middle kt-inner-column-height-full kb-theme-content-width\">\n<style>.kadence-column2629_ab1be4-b1 > .kt-inside-inner-col{min-height:600px;}.kadence-column2629_ab1be4-b1 > .kt-inside-inner-col,.kadence-column2629_ab1be4-b1 > .kt-inside-inner-col:before{border-top-left-radius:0px;border-top-right-radius:0px;border-bottom-right-radius:0px;border-bottom-left-radius:0px;}.kadence-column2629_ab1be4-b1 > .kt-inside-inner-col{column-gap:var(--global-kb-gap-sm, 1rem);}.kadence-column2629_ab1be4-b1 > .kt-inside-inner-col{flex-direction:column;}.kadence-column2629_ab1be4-b1 > .kt-inside-inner-col > .aligncenter{width:100%;}.kadence-column2629_ab1be4-b1 > .kt-inside-inner-col:before{opacity:0.3;}.kadence-column2629_ab1be4-b1{position:relative;}@media all and (max-width: 1024px){.kadence-column2629_ab1be4-b1 > .kt-inside-inner-col{flex-direction:column;justify-content:center;}}@media all and (max-width: 1024px){.kadence-column2629_ab1be4-b1, .kt-inside-inner-col > .kadence-column2629_ab1be4-b1:not(.specificity){margin-left:-25%;}}@media all and (max-width: 767px){.kadence-column2629_ab1be4-b1 > .kt-inside-inner-col{min-height:300px;flex-direction:column;justify-content:center;}.kadence-column2629_ab1be4-b1, .kt-inside-inner-col > .kadence-column2629_ab1be4-b1:not(.specificity){margin-top:0%;margin-right:0%;margin-bottom:0%;margin-left:0%;}}<\/style>\n<div class=\"wp-block-kadence-column kadence-column2629_ab1be4-b1 inner-column-1\"><div class=\"kt-inside-inner-col\">\n<figure class=\"wp-block-image size-full\"><img loading=\"lazy\" decoding=\"async\" width=\"847\" height=\"425\" src=\"https:\/\/arbeits-film-festival.at\/wp-content\/uploads\/2026\/08\/hw_zurich_vonroten_ii_frau_im_laufgitter_weibliche_berufstatigkeit_in_einer_mannerwelt_ein_volk_von_brudern_ohne_schwes-edited-e1788114152319-edited-e1788114482588.jpg\" alt=\"\" class=\"wp-image-2638\" srcset=\"https:\/\/arbeits-film-festival.at\/wp-content\/uploads\/2026\/08\/hw_zurich_vonroten_ii_frau_im_laufgitter_weibliche_berufstatigkeit_in_einer_mannerwelt_ein_volk_von_brudern_ohne_schwes-edited-e1788114152319-edited-e1788114482588.jpg 847w, https:\/\/arbeits-film-festival.at\/wp-content\/uploads\/2026\/08\/hw_zurich_vonroten_ii_frau_im_laufgitter_weibliche_berufstatigkeit_in_einer_mannerwelt_ein_volk_von_brudern_ohne_schwes-edited-e1788114152319-edited-e1788114482588-300x151.jpg 300w, https:\/\/arbeits-film-festival.at\/wp-content\/uploads\/2026\/08\/hw_zurich_vonroten_ii_frau_im_laufgitter_weibliche_berufstatigkeit_in_einer_mannerwelt_ein_volk_von_brudern_ohne_schwes-edited-e1788114152319-edited-e1788114482588-768x385.jpg 768w, https:\/\/arbeits-film-festival.at\/wp-content\/uploads\/2026\/08\/hw_zurich_vonroten_ii_frau_im_laufgitter_weibliche_berufstatigkeit_in_einer_mannerwelt_ein_volk_von_brudern_ohne_schwes-edited-e1788114152319-edited-e1788114482588-18x9.jpg 18w\" sizes=\"auto, (max-width: 847px) 100vw, 847px\" \/><\/figure>\n\n\n\n<p class=\"has-x-large-font-size wp-block-paragraph\" style=\"padding-top:0;padding-bottom:0;line-height:1.2;text-transform:uppercase\"><strong>\u201cFrauen im Laufgitter\u201d. Weibliche Rollenbilder und die Schweizer Berufsbildung<\/strong><\/p>\n\n\n\n<p class=\"wp-block-paragraph\" style=\"text-transform:uppercase\"><strong>Eine kleine, aber feine Ausstellung zur Schweizer Autorin Iris von Roten im Literatur-Museum Strauhof in Z\u00fcrich, wirft Fragen zu Inklusion und Gender in der Schweizer Berufsbildung auf \u2013 damals wie heute.<\/strong><\/p>\n\n\n\n<p class=\"wp-block-paragraph\">Iris von Roten (1917\u20131990) war ausgebildete Juristin und Feministin der Vor-68er Zeit. Sie setzte sich u.a. f\u00fcr das Frauenstimmrecht ein, das ja dann in der Schweiz \u2013 sage und schreibe \u2013 1971 (!) eingef\u00fchrt wurde. Es ist aus heutiger Sicht schwer begreiflich, dass dar\u00fcber hinaus erst 1981 die Gleichstellung von Mann und Frau in der Schweizer Bundesverfassung verankert wurde. 1988 wurde au\u00dferdem \u2013 nach einer z\u00e4hen aber dann doch erfolgreichen Abstimmungskampagne (1985) \u2014 ein neues Eherecht eingef\u00fchrt, welches nun nicht mehr den Mann als Oberhaupt der Familie betrachtete. Bis zu diesem Zeitpunkt war die Ehefrau nicht vertragsberechtigt, sie durfte kein eigenes Konto er\u00f6ffnen und konnte nicht ohne Einwilligung des Ehemannes einer Erwerbsarbeit nachgehen.<br><br>Die Rolle der Frau war also in Beruf und Gesellschaft an klare Grenzen gebunden. Die Stimmung und Diskussionslage rund um die Einf\u00fchrung des Frauenstimmrechts gibt auch der erfolgreiche und gewitzte Spielfilm \u00abDie g\u00f6ttliche Ordnung\u00bb (2017) von Petra Volpe treffend wider, bringt damit auch einer j\u00fcngeren Generation die damaligen und scheinbar weit zur\u00fcckliegenden Auseinandersetzungen\u00a0nahe.<br><br>Dieses eingehegte Frauenbild aufzubrechen, versuchte Iris von Roten mit ihrem 1958 erschienen Buch \u00abFrauen im Laufgitter\u00bb, das als skandal\u00f6s betrachtet wurde und ihr heftige Reaktionen, heute w\u00fcrde man sagen, einen regelrechten \u00abShitstorm\u00bb einbrachte. Die Infragestellung einer spezifischen Andersartigkeit von Frauen, f\u00fcr die nur eine abgesonderte Sph\u00e4re abseits von Politik, \u00d6ffentlichkeit und unter Ausschluss aus einem gro\u00dfen Teil der Arbeitsweltt\u00e4tigkeiten vorgesehen war, wurde als ungeheuerlicher Angriff gewertet.<br><br>Neben Themen wie \u00abFrau und Liebe\u00bb, \u00abMutterschaft\u00bb, \u00abHaushalt\u00bb und \u2013 so die Betitelungen der einzelnen Kapitel \u2013 ein \u00abVolk von Br\u00fcdern ohne Schwestern\u00bb widmet sie der weiblichen Erwerbs- und \u00abBerufst\u00e4tigkeit in einer M\u00e4nnerwelt\u00bb ein gro\u00dfes Kapitel.<br><br>Welche Berufswege standen Frauen denn in den 50er Jahren offen? Eigentlich nur Berufe und T\u00e4tigkeiten, die f\u00fcr M\u00e4nner nicht von Interesse waren und welche die subalterne Rolle der Frauen nicht in Frage stellten. Frauen sollten Frauen sein, die vor allem zu Hause die Hausarbeit verrichten. Wenn sie aber denn doch berufst\u00e4tig waren, so sollten sie vor allem in drei Berufsfeldern t\u00e4tig sein, n\u00e4mlich als<br><br>die \u00abServiertochter\u00bb,<br>die \u00abKrankenschwester\u00bb,<br>oder das \u00abB\u00fcrofr\u00e4ulein\u00bb, oder aber\u00a0als<br>die Angestellte im Bundeshaus in Bern mit Heiratsverbot.<br><br>Die von der Autorin sprachgewaltig formulierte Situation von Frauen im Beruf wurde im ersten Ausstellungsraum im Strauhof ausf\u00fchrlich dargestellt und visualisiert. Die zugewiesenen Berufst\u00e4tigkeiten werden durch vier Schauspielerinnen, in Lebensgr\u00f6\u00dfe in allen Details wortgetreu geschildert und auf Video festgehalten (kuratiert von\u00a0<a href=\"http:\/\/www.massundfieber.ch\/\">Mass&amp;Fieber<\/a>). Mit den verfilmten Statements l\u00e4sst sich performativ die berufliche Situation und Stellung in der Arbeitswelt von Frauen damals nachvollziehen und mensch fragt sich unwillk\u00fcrlich wie die Situation sich denn heute darstellt.<br><br>All diese zudienenden, pflegenden und die m\u00e4nnlichen Herrschaften best\u00e4tigenden Rollen waren praktisch bis vor kurzem sozusagen eine der wenigen M\u00f6glichkeiten f\u00fcr Frauen, au\u00dferhalb des Hauses und der Familie einen (Zu-)Verdienst zu erwerben \u2013 nat\u00fcrlich weit unter dem Lohnniveau der M\u00e4nner. Iris von Roten weist etwa auch darauf hin, dass der\u00a0<em>Kaufm\u00e4nnische Verband Schweiz<\/em>, erst 1905, viele Jahre nach seiner Gr\u00fcndung im Jahr 1873, die im gleichen Beruf t\u00e4tigen Frauen als Mitglieder akzeptierte.<br><br>Bis in die 1960er Jahre wurde der steigende Anteil an Frauen in kaufm\u00e4nnischen Berufen kritisch be\u00e4ugt. Anl\u00e4sslich der Vorbereitung zu einem kantonalen Gesetz betreffend den Vollzug des Bundesgesetzes \u00fcber die Berufsbildung (vom 3. Dezember 1967) stellte die Z\u00fcrcher Volkswirtschaftsdirektion mit einer gewissen Besorgnis fest, dass als \u00abEntwicklungstendenz\u00bb immer deutlicher sichtbar werde, \u00abdass der Anteil der Lehrt\u00f6chter stets\u00bb anwachse. So sei der weibliche Anteil der neu eingetretenen Sch\u00fclerschaft an kaufm\u00e4nnischen Berufsschulen auf 60% angestiegen, ja an gewissen Berufsschulen betrage ihr Anteil Zweidrittel. Der Entwurf zum eidgen\u00f6ssischen Normallehrplan sehe \u00abdeshalb eine Zweiteilung der kaufm\u00e4nnischen Lehre in eine buchhalterisch\/rechnerische und eine sprachlich\/b\u00fcrotechnische Richtung vor. Die zweitgenannte Ausbildungsm\u00f6glichkeit ist vor allem f\u00fcr den weiblichen Nachwuchs bestimmt, der sich haupts\u00e4chlich mit Korrespondenz und Sekretariatsarbeiten zu befassen hat\u00bb (Direktion der Volkswirtschaft 1967, S.\u00a0186).<br><br>Auch in der Berufsbildung mussten Frauen ihren Platz oft gegen viele Widerst\u00e4nde \u00aberarbeiten\u00bb. Gerade der Anstieg regul\u00e4rer Berufsbildungen in der Phase der noch folgenden Hochkonjunktur und die Bildungsexpansion haben dazu beigetragen, Frauen in der Arbeitswelt und in der \u00d6ffentlichkeit \u00absichtbarer\u00bb zu machen. Allerdings frage ich mich, ob wir heute tats\u00e4chlich so viel weiter sind, und ob das berufliche Narrativ des Dienens, Hegens und Pflegens nicht bis in die heutigen Berufst\u00e4tigkeiten quasi als Subtext mitspielt, trotz gendergerechter Sprache? Denn immer noch werden die meisten Berufe mit stark weiblicher Pr\u00e4senz \u2013 wie eh und je \u2013 im Bereich der Pflege, des Verkaufs und in den kaufm\u00e4nnischen T\u00e4tigkeiten gew\u00e4hlt. Bezeichnenderweise ist bis heute auch die Entlohnung in diesen (ehemaligen und heutigen \u00abFrauen\u00bb-)Berufen am unteren Ende der qualifizierten Ausbildungen.<br><br>Bestand f\u00fcr einige Berufe die angebliche Gefahr eines Zuviels an Bewerberinnen, so besteht heute die Sorge, dass zu wenig junge Frauen Interesse an Berufen au\u00dferhalb des akademischen T\u00e4tigkeitsspektrums bekunden. Die Fachkr\u00e4ftemangeldiskussion rund um die Berufsmaturit\u00e4t und die im akademischen Bereich daran anschlie\u00dfende seit einigen Jahren aufkeimende Debatte bez\u00fcglich fehlender Fachkr\u00e4fte im MINT-Bereich (Mathematik, Informatik, Naturwissenschaften, Technik) f\u00fchrt dazu, neue Wege und M\u00f6glichkeiten in Erw\u00e4gung zu ziehen, sei es in der Berufsbildung oder in den Gymnasien.<br><br>Im Vordergrund steht die Frage, wie die \u201egendertypischen\u201c f\u00e4cherbezogenen Wahlen und sp\u00e4teren Berufs- und Karriereentscheidungen justiert werden k\u00f6nnten. In diesem Rahmen ist vor allem das Entscheidungsverhalten junger Frauen von Interesse, denn der Anteil in Ingenieurberufen sei viel zu tief, insbesondere auch im Vergleich mit dem Anteil von Ingenieurinnen in anderen L\u00e4ndern (siehe Gonon 2023: Ein Handwerk studieren, S. 183 ff.). Es scheint \u201eNot am Mann\u201c zu sein, wenn Frauen heute aufgefordert werden, doch bitte Informatik und Technik st\u00e4rker als Berufsperspektive in Betracht zu ziehen. Die Zuweisungen und Zuschreibungen auf ein beruflich bestimmtes Frauenbild, wie eindr\u00fccklich in den Videosequenzen dargelegt, erweisen sich hierbei als in keinerlei Weise zu rechtfertigende Barriere. Einer solchen mentalen Entfesselung Vorschub geleistet zu haben mit dem Appell aus dem Laufgitter auszubrechen, verdanken wir Iris von Rotens aufr\u00fcttelnder \u2014 und im Strauhof visualisierten \u2014 Darstellung.<br><br><strong>Philipp C. Gonon<\/strong>\u00a0ist emeritierter Professor f\u00fcr Berufsbildung an der Universit\u00e4t Z\u00fcrich mit Schwerpunkt auf international vergleichende Bildungspolitik und historische Bildungsforschung sowie Filmfan.<br><br>Referenzen:<br>Roten I. (2020). Frauen im Laufgitter. Z\u00fcrich eFeF Verlag<br>Gonon, P. (2023) Ein Handwerk studieren. Bern:\u00a0hep<br>Z\u00fcrcher Volkswirtschaftsdirektion (1967).\u00a0<em>Gesch\u00e4ftsbericht \u2013 Berufliches Bildungswesen<\/em>, S. 183\u2013189. Z\u00fcrich<\/p>\n<\/div><\/div>\n\n\n<style>.kadence-column2629_a97efd-b2 > .kt-inside-inner-col{display:flex;}.kadence-column2629_a97efd-b2 > .kt-inside-inner-col{padding-right:var(--global-kb-spacing-md, 2rem);padding-bottom:var(--global-kb-spacing-lg, 3rem);padding-left:var(--global-kb-spacing-3xl, 6.5rem);}.kadence-column2629_a97efd-b2 > .kt-inside-inner-col,.kadence-column2629_a97efd-b2 > .kt-inside-inner-col:before{border-top-left-radius:0px;border-top-right-radius:0px;border-bottom-right-radius:0px;border-bottom-left-radius:0px;}.kadence-column2629_a97efd-b2 > .kt-inside-inner-col{column-gap:var(--global-kb-gap-sm, 1rem);}.kadence-column2629_a97efd-b2 > .kt-inside-inner-col{flex-direction:column;justify-content:flex-start;}.kadence-column2629_a97efd-b2 > .kt-inside-inner-col > .aligncenter{width:100%;}.kt-row-column-wrap > .kadence-column2629_a97efd-b2{align-self:flex-start;}.kt-inner-column-height-full:not(.kt-has-1-columns) > .wp-block-kadence-column.kadence-column2629_a97efd-b2{align-self:auto;}.kt-inner-column-height-full:not(.kt-has-1-columns) > .wp-block-kadence-column.kadence-column2629_a97efd-b2 > .kt-inside-inner-col{flex-direction:column;justify-content:flex-start;}.kadence-column2629_a97efd-b2 > .kt-inside-inner-col:before{opacity:0.3;}.kadence-column2629_a97efd-b2{position:relative;}@media all and (max-width: 1024px){.kadence-column2629_a97efd-b2 > .kt-inside-inner-col{padding-left:var(--global-kb-spacing-md, 2rem);flex-direction:column;justify-content:flex-start;}}@media all and (max-width: 1024px){.kt-row-column-wrap > .kadence-column2629_a97efd-b2{align-self:flex-start;}}@media all and (max-width: 1024px){.kt-inner-column-height-full:not(.kt-has-1-columns) > .wp-block-kadence-column.kadence-column2629_a97efd-b2{align-self:auto;}}@media all and (max-width: 1024px){.kt-inner-column-height-full:not(.kt-has-1-columns) > .wp-block-kadence-column.kadence-column2629_a97efd-b2 > .kt-inside-inner-col{flex-direction:column;justify-content:flex-start;}}@media all and (max-width: 767px){.kadence-column2629_a97efd-b2 > .kt-inside-inner-col{padding-right:var(--global-kb-spacing-sm, 1.5rem);padding-left:var(--global-kb-spacing-sm, 1.5rem);flex-direction:column;justify-content:flex-start;}.kt-row-column-wrap > .kadence-column2629_a97efd-b2{align-self:flex-start;}.kt-inner-column-height-full:not(.kt-has-1-columns) > .wp-block-kadence-column.kadence-column2629_a97efd-b2{align-self:auto;}.kt-inner-column-height-full:not(.kt-has-1-columns) > .wp-block-kadence-column.kadence-column2629_a97efd-b2 > .kt-inside-inner-col{flex-direction:column;justify-content:flex-start;}}<\/style>\n<div class=\"wp-block-kadence-column kadence-column2629_a97efd-b2 kb-section-dir-vertical inner-column-2\"><div class=\"kt-inside-inner-col\">\n<div style=\"height:330px\" aria-hidden=\"true\" class=\"wp-block-spacer\"><\/div>\n\n\n\n<p class=\"wp-block-paragraph\"><br>Philipp Gonon <strong>\u2501\u2501 <\/strong>13.12.2023<\/p>\n\n\n\n<div class=\"wp-block-group is-layout-constrained wp-container-core-group-is-layout-9790f0ff wp-block-group-is-layout-constrained\">\n<figure class=\"wp-block-embed is-type-video is-provider-youtube wp-block-embed-youtube wp-embed-aspect-16-9 wp-has-aspect-ratio\" style=\"margin-top:0;margin-bottom:0\"><div class=\"wp-block-embed__wrapper\">\n<div class=\"responsive-container\"><iframe loading=\"lazy\" title=\"Schwesternberufe (EN subtl)\" width=\"500\" height=\"281\" src=\"https:\/\/www.youtube.com\/embed\/PDaZM5tAQP0?feature=oembed\" frameborder=\"0\" allow=\"accelerometer; autoplay; clipboard-write; encrypted-media; gyroscope; picture-in-picture; web-share\" referrerpolicy=\"strict-origin-when-cross-origin\" allowfullscreen><\/iframe><\/div>\n<\/div><\/figure>\n\n\n\n<p class=\"wp-block-paragraph\" style=\"font-size:12px;text-transform:uppercase\">Schwesternberufe, CH, 2021, 5min, Mass&amp;Fieber, Museum Strauhof<\/p>\n<\/div>\n\n\n\n<div style=\"height:25px\" aria-hidden=\"true\" class=\"wp-block-spacer\"><\/div>\n\n\n\n<div class=\"wp-block-group is-layout-constrained wp-container-core-group-is-layout-9790f0ff wp-block-group-is-layout-constrained\">\n<figure class=\"wp-block-embed is-type-video is-provider-vimeo wp-block-embed-vimeo wp-embed-aspect-9-16 wp-has-aspect-ratio\" style=\"margin-top:0;margin-bottom:0\"><div class=\"wp-block-embed__wrapper\">\n<div class=\"responsive-container\"><iframe loading=\"lazy\" title=\"Fr\u00e4uleinberufe \u2013 Iris von Roten\/Frauen im Laufgitter\" src=\"https:\/\/player.vimeo.com\/video\/781000917?dnt=1&amp;app_id=122963\" width=\"422\" height=\"750\" frameborder=\"0\" allow=\"autoplay; fullscreen; picture-in-picture; clipboard-write; encrypted-media; web-share\" referrerpolicy=\"strict-origin-when-cross-origin\"><\/iframe><\/div>\n<\/div><\/figure>\n\n\n\n<p class=\"wp-block-paragraph\" style=\"font-size:12px;text-transform:uppercase\">Fr\u00e4uleinberufe, CH, 2021, Mass&amp;Fieber, Museum Strauhof<\/p>\n<\/div>\n\n\n\n<div style=\"height:25px\" aria-hidden=\"true\" class=\"wp-block-spacer\"><\/div>\n\n\n\n<div class=\"wp-block-group is-layout-constrained wp-container-core-group-is-layout-9790f0ff wp-block-group-is-layout-constrained\">\n<figure class=\"wp-block-embed is-type-video is-provider-youtube wp-block-embed-youtube wp-embed-aspect-16-9 wp-has-aspect-ratio\" style=\"margin-top:0;margin-bottom:0\"><div class=\"wp-block-embed__wrapper\">\n<div class=\"responsive-container\"><iframe loading=\"lazy\" title=\"DIE G\u00d6TTLICHE ORDNUNG (Official Trailer)\" width=\"500\" height=\"281\" src=\"https:\/\/www.youtube.com\/embed\/FPkz9iuqSEk?feature=oembed\" frameborder=\"0\" allow=\"accelerometer; autoplay; clipboard-write; encrypted-media; gyroscope; picture-in-picture; web-share\" referrerpolicy=\"strict-origin-when-cross-origin\" allowfullscreen><\/iframe><\/div>\n<\/div><\/figure>\n\n\n\n<p class=\"wp-block-paragraph\" style=\"font-size:12px;text-transform:uppercase\">Die g\u00f6ttliche Ordnung (CH 2016, Petra Volpe),Trailer<\/p>\n<\/div>\n\n\n\n<div style=\"height:25px\" aria-hidden=\"true\" class=\"wp-block-spacer\"><\/div>\n\n\n\n<div class=\"wp-block-group is-layout-constrained wp-container-core-group-is-layout-9790f0ff wp-block-group-is-layout-constrained\">\n<figure class=\"wp-block-image size-full\" style=\"margin-top:0;margin-bottom:0\"><img loading=\"lazy\" decoding=\"async\" width=\"640\" height=\"360\" src=\"https:\/\/arbeits-film-festival.at\/wp-content\/uploads\/2026\/08\/1421927471-018b01de0f07372aea1a9c901777c0f9c4f27be291ca342837c0c06331e68d23-d_640.webp\" alt=\"\" class=\"wp-image-2635\" srcset=\"https:\/\/arbeits-film-festival.at\/wp-content\/uploads\/2026\/08\/1421927471-018b01de0f07372aea1a9c901777c0f9c4f27be291ca342837c0c06331e68d23-d_640.webp 640w, https:\/\/arbeits-film-festival.at\/wp-content\/uploads\/2026\/08\/1421927471-018b01de0f07372aea1a9c901777c0f9c4f27be291ca342837c0c06331e68d23-d_640-300x169.webp 300w, https:\/\/arbeits-film-festival.at\/wp-content\/uploads\/2026\/08\/1421927471-018b01de0f07372aea1a9c901777c0f9c4f27be291ca342837c0c06331e68d23-d_640-18x10.webp 18w\" sizes=\"auto, (max-width: 640px) 100vw, 640px\" \/><\/figure>\n\n\n\n<div class=\"wp-block-group is-layout-constrained wp-container-core-group-is-layout-ee2332cf wp-block-group-is-layout-constrained\">\n<p class=\"has-ast-global-color-1-color has-text-color has-link-color wp-elements-1 wp-block-paragraph\" style=\"font-size:12px;text-transform:uppercase\">Filmstill, Die ureigene Natur der Frau \u2013 Frauen, M\u00e4dchen, T\u00f6chterberufe, 2021<br>\u00a9 MASS &amp; FIEBER, Museum Strauhof<\/p>\n<\/div>\n<\/div>\n\n\n\n<div style=\"height:35px\" aria-hidden=\"true\" class=\"wp-block-spacer\"><\/div>\n\n\n\n<div class=\"wp-block-group is-layout-constrained wp-container-core-group-is-layout-9790f0ff wp-block-group-is-layout-constrained\">\n<figure class=\"wp-block-image size-full\" style=\"margin-top:0;margin-bottom:0\"><img loading=\"lazy\" decoding=\"async\" width=\"2560\" height=\"1532\" src=\"https:\/\/arbeits-film-festival.at\/wp-content\/uploads\/2026\/08\/Ladies-am-Tisch-scaled-1-e1788114620130.jpg\" alt=\"\" class=\"wp-image-2634\" srcset=\"https:\/\/arbeits-film-festival.at\/wp-content\/uploads\/2026\/08\/Ladies-am-Tisch-scaled-1-e1788114620130.jpg 2560w, https:\/\/arbeits-film-festival.at\/wp-content\/uploads\/2026\/08\/Ladies-am-Tisch-scaled-1-e1788114620130-300x180.jpg 300w, https:\/\/arbeits-film-festival.at\/wp-content\/uploads\/2026\/08\/Ladies-am-Tisch-scaled-1-e1788114620130-1024x613.jpg 1024w, https:\/\/arbeits-film-festival.at\/wp-content\/uploads\/2026\/08\/Ladies-am-Tisch-scaled-1-e1788114620130-768x460.jpg 768w, https:\/\/arbeits-film-festival.at\/wp-content\/uploads\/2026\/08\/Ladies-am-Tisch-scaled-1-e1788114620130-1536x919.jpg 1536w, https:\/\/arbeits-film-festival.at\/wp-content\/uploads\/2026\/08\/Ladies-am-Tisch-scaled-1-e1788114620130-2048x1226.jpg 2048w, https:\/\/arbeits-film-festival.at\/wp-content\/uploads\/2026\/08\/Ladies-am-Tisch-scaled-1-e1788114620130-18x12.jpg 18w, https:\/\/arbeits-film-festival.at\/wp-content\/uploads\/2026\/08\/Ladies-am-Tisch-scaled-1-e1788114620130-1320x790.jpg 1320w\" sizes=\"auto, (max-width: 2560px) 100vw, 2560px\" \/><\/figure>\n\n\n\n<div class=\"wp-block-group is-layout-constrained wp-container-core-group-is-layout-ee2332cf wp-block-group-is-layout-constrained\">\n<p class=\"has-ast-global-color-1-color has-text-color has-link-color wp-elements-2 wp-block-paragraph\" style=\"font-size:12px;text-transform:uppercase\">Filmstill\/Set, Die ureigene Natur der Frau \u2013 Frauen, M\u00e4dchen, T\u00f6chterberufe, 2021<br>\u00a9 MASS &amp; FIEBER, Museum Strauhof<\/p>\n<\/div>\n<\/div>\n\n\n\n<div style=\"height:35px\" aria-hidden=\"true\" class=\"wp-block-spacer\"><\/div>\n\n\n\n<div class=\"wp-block-group is-layout-constrained wp-container-core-group-is-layout-9790f0ff wp-block-group-is-layout-constrained\">\n<figure class=\"wp-block-image size-full\" style=\"margin-top:0;margin-bottom:0\"><img loading=\"lazy\" decoding=\"async\" width=\"1000\" height=\"667\" src=\"https:\/\/arbeits-film-festival.at\/wp-content\/uploads\/2026\/08\/hw_zurich_vonroten_ii_frau_im_laufgitter_weibliche_berufstatigkeit_in_einer_mannerwelt_ein_volk_von_brudern_ohne_schwes.jpg\" alt=\"\" class=\"wp-image-2632\" srcset=\"https:\/\/arbeits-film-festival.at\/wp-content\/uploads\/2026\/08\/hw_zurich_vonroten_ii_frau_im_laufgitter_weibliche_berufstatigkeit_in_einer_mannerwelt_ein_volk_von_brudern_ohne_schwes.jpg 1000w, https:\/\/arbeits-film-festival.at\/wp-content\/uploads\/2026\/08\/hw_zurich_vonroten_ii_frau_im_laufgitter_weibliche_berufstatigkeit_in_einer_mannerwelt_ein_volk_von_brudern_ohne_schwes-300x200.jpg 300w, https:\/\/arbeits-film-festival.at\/wp-content\/uploads\/2026\/08\/hw_zurich_vonroten_ii_frau_im_laufgitter_weibliche_berufstatigkeit_in_einer_mannerwelt_ein_volk_von_brudern_ohne_schwes-768x512.jpg 768w, https:\/\/arbeits-film-festival.at\/wp-content\/uploads\/2026\/08\/hw_zurich_vonroten_ii_frau_im_laufgitter_weibliche_berufstatigkeit_in_einer_mannerwelt_ein_volk_von_brudern_ohne_schwes-18x12.jpg 18w\" sizes=\"auto, (max-width: 1000px) 100vw, 1000px\" \/><\/figure>\n\n\n\n<div class=\"wp-block-group is-layout-constrained wp-container-core-group-is-layout-ee2332cf wp-block-group-is-layout-constrained\">\n<p class=\"has-ast-global-color-1-color has-text-color has-link-color wp-elements-3 wp-block-paragraph\" style=\"font-size:12px;text-transform:uppercase\">Austellungsansicht, Iris von Roten \u2013 Frauen im Laufgitter, Museum Strauhof, Z\u00fcrich, 2021<br>\u00a9 MASS &amp; FIEBER, Museum Strauhof<\/p>\n<\/div>\n<\/div>\n\n\n\n<div style=\"height:35px\" aria-hidden=\"true\" class=\"wp-block-spacer\"><\/div>\n\n\n\n<div class=\"wp-block-group is-layout-constrained wp-container-core-group-is-layout-9790f0ff wp-block-group-is-layout-constrained\">\n<figure class=\"wp-block-image size-full\" style=\"margin-top:0;margin-bottom:0\"><img loading=\"lazy\" decoding=\"async\" width=\"2080\" height=\"1139\" src=\"https:\/\/arbeits-film-festival.at\/wp-content\/uploads\/2026\/08\/iris-von-roten.jpg\" alt=\"\" class=\"wp-image-2631\" srcset=\"https:\/\/arbeits-film-festival.at\/wp-content\/uploads\/2026\/08\/iris-von-roten.jpg 2080w, https:\/\/arbeits-film-festival.at\/wp-content\/uploads\/2026\/08\/iris-von-roten-300x164.jpg 300w, https:\/\/arbeits-film-festival.at\/wp-content\/uploads\/2026\/08\/iris-von-roten-1024x561.jpg 1024w, https:\/\/arbeits-film-festival.at\/wp-content\/uploads\/2026\/08\/iris-von-roten-768x421.jpg 768w, https:\/\/arbeits-film-festival.at\/wp-content\/uploads\/2026\/08\/iris-von-roten-1536x841.jpg 1536w, https:\/\/arbeits-film-festival.at\/wp-content\/uploads\/2026\/08\/iris-von-roten-2048x1121.jpg 2048w, https:\/\/arbeits-film-festival.at\/wp-content\/uploads\/2026\/08\/iris-von-roten-18x10.jpg 18w, https:\/\/arbeits-film-festival.at\/wp-content\/uploads\/2026\/08\/iris-von-roten-1320x723.jpg 1320w\" sizes=\"auto, (max-width: 2080px) 100vw, 2080px\" \/><\/figure>\n\n\n\n<div class=\"wp-block-group is-layout-constrained wp-container-core-group-is-layout-ee2332cf wp-block-group-is-layout-constrained\">\n<p class=\"has-ast-global-color-1-color has-text-color has-link-color wp-elements-4 wp-block-paragraph\" style=\"font-size:12px;text-transform:uppercase\">Iris von Roten<br>\u00a9 Museum Strauhof<\/p>\n<\/div>\n<\/div>\n\n\n\n<div style=\"height:35px\" aria-hidden=\"true\" class=\"wp-block-spacer\"><\/div>\n\n\n\n<div class=\"wp-block-group is-layout-constrained wp-container-core-group-is-layout-9790f0ff wp-block-group-is-layout-constrained\">\n<figure class=\"wp-block-image size-full\" style=\"margin-top:0;margin-bottom:0\"><img loading=\"lazy\" decoding=\"async\" width=\"2349\" height=\"1311\" src=\"https:\/\/arbeits-film-festival.at\/wp-content\/uploads\/2026\/08\/Cover.jpg\" alt=\"\" class=\"wp-image-2630\" srcset=\"https:\/\/arbeits-film-festival.at\/wp-content\/uploads\/2026\/08\/Cover.jpg 2349w, https:\/\/arbeits-film-festival.at\/wp-content\/uploads\/2026\/08\/Cover-300x167.jpg 300w, https:\/\/arbeits-film-festival.at\/wp-content\/uploads\/2026\/08\/Cover-1024x572.jpg 1024w, https:\/\/arbeits-film-festival.at\/wp-content\/uploads\/2026\/08\/Cover-768x429.jpg 768w, https:\/\/arbeits-film-festival.at\/wp-content\/uploads\/2026\/08\/Cover-1536x857.jpg 1536w, https:\/\/arbeits-film-festival.at\/wp-content\/uploads\/2026\/08\/Cover-2048x1143.jpg 2048w, https:\/\/arbeits-film-festival.at\/wp-content\/uploads\/2026\/08\/Cover-18x10.jpg 18w, https:\/\/arbeits-film-festival.at\/wp-content\/uploads\/2026\/08\/Cover-1320x737.jpg 1320w\" sizes=\"auto, (max-width: 2349px) 100vw, 2349px\" \/><\/figure>\n\n\n\n<div class=\"wp-block-group is-layout-constrained wp-container-core-group-is-layout-ee2332cf wp-block-group-is-layout-constrained\">\n<p class=\"has-ast-global-color-1-color has-text-color has-link-color wp-elements-5 wp-block-paragraph\" style=\"font-size:12px;text-transform:uppercase\">Originalausgabe, 1958booklooker<br>\u00a9 booklooker<\/p>\n<\/div>\n<\/div>\n\n\n\n<div style=\"height:35px\" aria-hidden=\"true\" class=\"wp-block-spacer\"><\/div>\n\n\n\n<p class=\"wp-block-paragraph\">Tags  <strong>\u2501\u2501\u2501\u2501<strong>\u2501<\/strong>\u2501<strong>\u2501\u2501\u2501<strong>\u2501<\/strong>\u2501<\/strong><\/strong><\/p>\n\n\n<div style=\"text-transform:uppercase\" class=\"taxonomy-post_tag wp-block-post-terms has-small-font-size\"><a href=\"https:\/\/arbeits-film-festival.at\/en\/tag\/berufsbildung\/\" rel=\"tag\">Berufsbildung<\/a><span class=\"wp-block-post-terms__separator\">, <\/span><a href=\"https:\/\/arbeits-film-festival.at\/en\/tag\/frauenberufe\/\" rel=\"tag\">Frauenberufe<\/a><span class=\"wp-block-post-terms__separator\">, <\/span><a href=\"https:\/\/arbeits-film-festival.at\/en\/tag\/geschichte\/\" rel=\"tag\">Geschichte<\/a><span class=\"wp-block-post-terms__separator\">, <\/span><a href=\"https:\/\/arbeits-film-festival.at\/en\/tag\/iris-von-roten\/\" rel=\"tag\">Iris von Roten<\/a><span class=\"wp-block-post-terms__separator\">, <\/span><a href=\"https:\/\/arbeits-film-festival.at\/en\/tag\/museum-strauhof\/\" rel=\"tag\">Museum Strauhof<\/a><span class=\"wp-block-post-terms__separator\">, <\/span><a href=\"https:\/\/arbeits-film-festival.at\/en\/tag\/schweiz\/\" rel=\"tag\">Schweiz<\/a><\/div><\/div><\/div>\n\n<\/div><\/div>","protected":false},"excerpt":{"rendered":"<p>Eine kleine, aber feine Ausstellung zur Schweizer Autorin Iris von Roten im Literatur-Museum Strauhof in Z\u00fcrich, wirft Fragen zu Inklusion und Gender in der Schweizer Berufsbildung auf \u2013 damals wie heute.<\/p>","protected":false},"author":1,"featured_media":2636,"comment_status":"closed","ping_status":"open","sticky":false,"template":"","format":"standard","meta":{"_uag_custom_page_level_css":"","site-sidebar-layout":"default","site-content-layout":"","ast-site-content-layout":"default","site-content-style":"default","site-sidebar-style":"default","ast-global-header-display":"","ast-banner-title-visibility":"","ast-main-header-display":"","ast-hfb-above-header-display":"","ast-hfb-below-header-display":"","ast-hfb-mobile-header-display":"","site-post-title":"disabled","ast-breadcrumbs-content":"","ast-featured-img":"","footer-sml-layout":"","ast-disable-related-posts":"","theme-transparent-header-meta":"","adv-header-id-meta":"","stick-header-meta":"","header-above-stick-meta":"","header-main-stick-meta":"","header-below-stick-meta":"","astra-migrate-meta-layouts":"default","ast-page-background-enabled":"default","ast-page-background-meta":{"desktop":{"background-color":"var(--ast-global-color-5)","background-image":"","background-repeat":"repeat","background-position":"center center","background-size":"auto","background-attachment":"scroll","background-type":"","background-media":"","overlay-type":"","overlay-color":"","overlay-opacity":"","overlay-gradient":""},"tablet":{"background-color":"","background-image":"","background-repeat":"repeat","background-position":"center center","background-size":"auto","background-attachment":"scroll","background-type":"","background-media":"","overlay-type":"","overlay-color":"","overlay-opacity":"","overlay-gradient":""},"mobile":{"background-color":"","background-image":"","background-repeat":"repeat","background-position":"center center","background-size":"auto","background-attachment":"scroll","background-type":"","background-media":"","overlay-type":"","overlay-color":"","overlay-opacity":"","overlay-gradient":""}},"ast-content-background-meta":{"desktop":{"background-color":"var(--ast-global-color-4)","background-image":"","background-repeat":"repeat","background-position":"center center","background-size":"auto","background-attachment":"scroll","background-type":"","background-media":"","overlay-type":"","overlay-color":"","overlay-opacity":"","overlay-gradient":""},"tablet":{"background-color":"var(--ast-global-color-4)","background-image":"","background-repeat":"repeat","background-position":"center center","background-size":"auto","background-attachment":"scroll","background-type":"","background-media":"","overlay-type":"","overlay-color":"","overlay-opacity":"","overlay-gradient":""},"mobile":{"background-color":"var(--ast-global-color-4)","background-image":"","background-repeat":"repeat","background-position":"center center","background-size":"auto","background-attachment":"scroll","background-type":"","background-media":"","overlay-type":"","overlay-color":"","overlay-opacity":"","overlay-gradient":""}},"_rtcl_gb_attr":"","footnotes":""},"categories":[8],"tags":[55,56,57,58,59,60],"class_list":["post-2629","post","type-post","status-publish","format-standard","has-post-thumbnail","hentry","category-work-o-witch","tag-berufsbildung","tag-frauenberufe","tag-geschichte","tag-iris-von-roten","tag-museum-strauhof","tag-schweiz"],"uagb_featured_image_src":{"full":["https:\/\/arbeits-film-festival.at\/wp-content\/uploads\/2026\/08\/hw_zurich_vonroten_ii_frau_im_laufgitter_weibliche_berufstatigkeit_in_einer_mannerwelt_ein_volk_von_brudern_ohne_schwes-edited-e1788114152319.jpg",847,513,false],"thumbnail":["https:\/\/arbeits-film-festival.at\/wp-content\/uploads\/2026\/08\/hw_zurich_vonroten_ii_frau_im_laufgitter_weibliche_berufstatigkeit_in_einer_mannerwelt_ein_volk_von_brudern_ohne_schwes-edited-e1788114152319-150x150.jpg",150,150,true],"medium":["https:\/\/arbeits-film-festival.at\/wp-content\/uploads\/2026\/08\/hw_zurich_vonroten_ii_frau_im_laufgitter_weibliche_berufstatigkeit_in_einer_mannerwelt_ein_volk_von_brudern_ohne_schwes-edited-e1788114152319-300x182.jpg",300,182,true],"medium_large":["https:\/\/arbeits-film-festival.at\/wp-content\/uploads\/2026\/08\/hw_zurich_vonroten_ii_frau_im_laufgitter_weibliche_berufstatigkeit_in_einer_mannerwelt_ein_volk_von_brudern_ohne_schwes-edited-e1788114152319-768x465.jpg",768,465,true],"large":["https:\/\/arbeits-film-festival.at\/wp-content\/uploads\/2026\/08\/hw_zurich_vonroten_ii_frau_im_laufgitter_weibliche_berufstatigkeit_in_einer_mannerwelt_ein_volk_von_brudern_ohne_schwes-edited-e1788114152319.jpg",847,513,false],"1536x1536":["https:\/\/arbeits-film-festival.at\/wp-content\/uploads\/2026\/08\/hw_zurich_vonroten_ii_frau_im_laufgitter_weibliche_berufstatigkeit_in_einer_mannerwelt_ein_volk_von_brudern_ohne_schwes-edited-e1788114152319.jpg",847,513,false],"2048x2048":["https:\/\/arbeits-film-festival.at\/wp-content\/uploads\/2026\/08\/hw_zurich_vonroten_ii_frau_im_laufgitter_weibliche_berufstatigkeit_in_einer_mannerwelt_ein_volk_von_brudern_ohne_schwes-edited-e1788114152319.jpg",847,513,false],"trp-custom-language-flag":["https:\/\/arbeits-film-festival.at\/wp-content\/uploads\/2026\/08\/hw_zurich_vonroten_ii_frau_im_laufgitter_weibliche_berufstatigkeit_in_einer_mannerwelt_ein_volk_von_brudern_ohne_schwes-edited-e1788114152319-18x12.jpg",18,12,true],"rtcl-gallery":["https:\/\/arbeits-film-festival.at\/wp-content\/uploads\/2026\/08\/hw_zurich_vonroten_ii_frau_im_laufgitter_weibliche_berufstatigkeit_in_einer_mannerwelt_ein_volk_von_brudern_ohne_schwes-edited-e1788114152319-847x462.jpg",847,462,true],"rtcl-thumbnail":["https:\/\/arbeits-film-festival.at\/wp-content\/uploads\/2026\/08\/hw_zurich_vonroten_ii_frau_im_laufgitter_weibliche_berufstatigkeit_in_einer_mannerwelt_ein_volk_von_brudern_ohne_schwes-edited-e1788114152319-320x240.jpg",320,240,true],"rtcl-gallery-thumbnail":["https:\/\/arbeits-film-festival.at\/wp-content\/uploads\/2026\/08\/hw_zurich_vonroten_ii_frau_im_laufgitter_weibliche_berufstatigkeit_in_einer_mannerwelt_ein_volk_von_brudern_ohne_schwes-edited-e1788114152319-150x105.jpg",150,105,true],"mailpoet_newsletter_max":["https:\/\/arbeits-film-festival.at\/wp-content\/uploads\/2026\/08\/hw_zurich_vonroten_ii_frau_im_laufgitter_weibliche_berufstatigkeit_in_einer_mannerwelt_ein_volk_von_brudern_ohne_schwes-edited-e1788114152319.jpg",847,513,false]},"uagb_author_info":{"display_name":"administrador","author_link":"https:\/\/arbeits-film-festival.at\/en\/author\/admin\/"},"uagb_comment_info":0,"uagb_excerpt":"Eine kleine, aber feine Ausstellung zur Schweizer Autorin Iris von Roten im Literatur-Museum Strauhof in Z\u00fcrich, wirft Fragen zu Inklusion und Gender in der Schweizer Berufsbildung auf \u2013 damals wie heute.","_links":{"self":[{"href":"https:\/\/arbeits-film-festival.at\/en\/wp-json\/wp\/v2\/posts\/2629","targetHints":{"allow":["GET"]}}],"collection":[{"href":"https:\/\/arbeits-film-festival.at\/en\/wp-json\/wp\/v2\/posts"}],"about":[{"href":"https:\/\/arbeits-film-festival.at\/en\/wp-json\/wp\/v2\/types\/post"}],"author":[{"embeddable":true,"href":"https:\/\/arbeits-film-festival.at\/en\/wp-json\/wp\/v2\/users\/1"}],"replies":[{"embeddable":true,"href":"https:\/\/arbeits-film-festival.at\/en\/wp-json\/wp\/v2\/comments?post=2629"}],"version-history":[{"count":5,"href":"https:\/\/arbeits-film-festival.at\/en\/wp-json\/wp\/v2\/posts\/2629\/revisions"}],"predecessor-version":[{"id":2643,"href":"https:\/\/arbeits-film-festival.at\/en\/wp-json\/wp\/v2\/posts\/2629\/revisions\/2643"}],"wp:featuredmedia":[{"embeddable":true,"href":"https:\/\/arbeits-film-festival.at\/en\/wp-json\/wp\/v2\/media\/2636"}],"wp:attachment":[{"href":"https:\/\/arbeits-film-festival.at\/en\/wp-json\/wp\/v2\/media?parent=2629"}],"wp:term":[{"taxonomy":"category","embeddable":true,"href":"https:\/\/arbeits-film-festival.at\/en\/wp-json\/wp\/v2\/categories?post=2629"},{"taxonomy":"post_tag","embeddable":true,"href":"https:\/\/arbeits-film-festival.at\/en\/wp-json\/wp\/v2\/tags?post=2629"}],"curies":[{"name":"wp","href":"https:\/\/api.w.org\/{rel}","templated":true}]}}