{"id":2654,"date":"2026-08-30T20:51:42","date_gmt":"2026-08-30T18:51:42","guid":{"rendered":"https:\/\/arbeits-film-festival.at\/?p=2654"},"modified":"2026-08-30T21:07:09","modified_gmt":"2026-08-30T19:07:09","slug":"un-verantwortliche-arbeit-fuer-uns-2","status":"publish","type":"post","link":"https:\/\/arbeits-film-festival.at\/en\/2026\/08\/30\/un-verantwortliche-arbeit-fuer-uns-2\/","title":{"rendered":"Ungesch\u00f6nte Arbeitsrealit\u00e4ten. Die Lehre als Konservenfacharbeiter"},"content":{"rendered":"<style>.kb-row-layout-wrap.wp-block-kadence-rowlayout.kb-row-layout-id2654_20d05d-a2{margin-top:0px;margin-bottom:0px;}.kb-row-layout-id2654_20d05d-a2 > .kt-row-column-wrap{align-content:center;}:where(.kb-row-layout-id2654_20d05d-a2 > .kt-row-column-wrap) > .wp-block-kadence-column{justify-content:center;}.kb-row-layout-id2654_20d05d-a2 > .kt-row-column-wrap{column-gap:var(--global-kb-gap-none, 0rem );row-gap:var(--global-kb-gap-md, 2rem);max-width:var(--wp--style--global--content-size);padding-top:var(--global-kb-spacing-xl, 4rem);padding-right:0px;padding-bottom:0px;min-height:852px;grid-template-columns:minmax(0, 2fr) minmax(0, 1fr);}.kb-row-layout-id2654_20d05d-a2{--breakout-negative-margin-right:calc( ( ( ( var(--global-vw, 100vw) - ( var(--wp--style--global--content-size) - ( 0px*2 ) ) ) \/ 2 ) *-1) + -1px);--breakout-negative-margin-left:calc( ( ( ( var(--global-vw, 100vw) - ( var(--wp--style--global--content-size) - ( 0px*2 ) ) ) \/ 2 ) *-1) + -1px);}.kb-row-layout-id2654_20d05d-a2{background-color:rgba(17,17,17,0);}.kb-row-layout-id2654_20d05d-a2 > .kt-row-layout-overlay{opacity:0.30;}.kb-row-layout-id2654_20d05d-a2{z-index:906;position:relative;}@media all and (min-width: 1025px){.kb-row-layout-id2654_20d05d-a2 > .kt-row-column-wrap > .wp-block-kadence-column:nth-child(1 of *:not(style)){margin-inline-start:calc( 0px *-1 );margin-inline-start:var(--breakout-negative-margin-left);}.kb-row-layout-id2654_20d05d-a2 > .kt-row-column-wrap > .wp-block-kadence-column:nth-child(2 of *:not(style)){margin-inline-end:calc( 0px *-1 );margin-inline-end:var(--breakout-negative-margin-right);}}@media all and (max-width: 1024px){.kb-row-layout-id2654_20d05d-a2 > .kt-row-column-wrap{grid-template-columns:minmax(0, 2fr) minmax(0, 1fr);}}@media all and (min-width: 768px) and (max-width: 1024px){.kb-row-layout-id2654_20d05d-a2 > .kt-row-column-wrap:not(.kt-tab-layout-row) > .wp-block-kadence-column:nth-child(1 of *:not(style)){margin-inline-start:calc( 0px *-1 );}.kb-row-layout-id2654_20d05d-a2 > .kt-row-column-wrap:not(.kt-tab-layout-row) > .wp-block-kadence-column:nth-child(2 of *:not(style)){margin-inline-end:calc( 0px *-1 );}}@media all and (max-width: 767px){.kb-row-layout-id2654_20d05d-a2 > .kt-row-column-wrap{padding-top:0px;padding-right:0px;padding-bottom:0px;padding-left:0px;grid-template-columns:minmax(0, 1fr);}}<\/style><div class=\"kb-row-layout-wrap kb-row-layout-id2654_20d05d-a2 alignfull kt-row-has-bg wp-block-kadence-rowlayout\"><div class=\"kt-row-column-wrap kt-has-2-columns kt-row-layout-left-golden kt-tab-layout-left-golden kt-mobile-layout-row kt-row-valign-middle kt-inner-column-height-full kb-theme-content-width\">\n<style>.kadence-column2654_e3b35c-c2 > .kt-inside-inner-col{display:flex;}.kadence-column2654_e3b35c-c2 > .kt-inside-inner-col{min-height:600px;}.kadence-column2654_e3b35c-c2 > .kt-inside-inner-col,.kadence-column2654_e3b35c-c2 > .kt-inside-inner-col:before{border-top-left-radius:0px;border-top-right-radius:0px;border-bottom-right-radius:0px;border-bottom-left-radius:0px;}.kadence-column2654_e3b35c-c2 > .kt-inside-inner-col{column-gap:var(--global-kb-gap-sm, 1rem);}.kadence-column2654_e3b35c-c2 > .kt-inside-inner-col{flex-direction:column-reverse;justify-content:flex-start;}.kadence-column2654_e3b35c-c2 > .kt-inside-inner-col > .aligncenter{width:100%;}.kt-row-column-wrap > .kadence-column2654_e3b35c-c2{align-self:flex-start;}.kt-inner-column-height-full:not(.kt-has-1-columns) > .wp-block-kadence-column.kadence-column2654_e3b35c-c2{align-self:auto;}.kt-inner-column-height-full:not(.kt-has-1-columns) > .wp-block-kadence-column.kadence-column2654_e3b35c-c2 > .kt-inside-inner-col{flex-direction:column;justify-content:flex-start;}.kadence-column2654_e3b35c-c2 > .kt-inside-inner-col:before{opacity:0.3;}.kadence-column2654_e3b35c-c2{position:relative;}@media all and (max-width: 1024px){.kt-row-column-wrap > .kadence-column2654_e3b35c-c2{align-self:flex-start;}}@media all and (max-width: 1024px){.kt-inner-column-height-full:not(.kt-has-1-columns) > .wp-block-kadence-column.kadence-column2654_e3b35c-c2{align-self:auto;}}@media all and (max-width: 1024px){.kt-inner-column-height-full:not(.kt-has-1-columns) > .wp-block-kadence-column.kadence-column2654_e3b35c-c2 > .kt-inside-inner-col{flex-direction:column;justify-content:flex-start;}}@media all and (max-width: 1024px){.kadence-column2654_e3b35c-c2 > .kt-inside-inner-col{flex-direction:column-reverse;justify-content:flex-start;}}@media all and (max-width: 1024px){.kadence-column2654_e3b35c-c2, .kt-inside-inner-col > .kadence-column2654_e3b35c-c2:not(.specificity){margin-left:-25%;}}@media all and (max-width: 767px){.kadence-column2654_e3b35c-c2 > .kt-inside-inner-col{min-height:300px;flex-direction:column-reverse;justify-content:flex-start;}.kt-row-column-wrap > .kadence-column2654_e3b35c-c2{align-self:flex-start;}.kt-inner-column-height-full:not(.kt-has-1-columns) > .wp-block-kadence-column.kadence-column2654_e3b35c-c2{align-self:auto;}.kt-inner-column-height-full:not(.kt-has-1-columns) > .wp-block-kadence-column.kadence-column2654_e3b35c-c2 > .kt-inside-inner-col{flex-direction:column;justify-content:flex-start;}.kadence-column2654_e3b35c-c2, .kt-inside-inner-col > .kadence-column2654_e3b35c-c2:not(.specificity){margin-top:0%;margin-right:0%;margin-bottom:0%;margin-left:0%;}}<\/style>\n<div class=\"wp-block-kadence-column kadence-column2654_e3b35c-c2 kb-section-dir-vertical-reverse inner-column-1\"><div class=\"kt-inside-inner-col\">\n<figure class=\"wp-block-image size-full\"><img decoding=\"async\" src=\"https:\/\/arbeits-film-festival.at\/wp-content\/uploads\/2026\/08\/Titelbild-e1788116804439.png\" alt=\"\" class=\"wp-image-2660\"\/><\/figure>\n\n\n\n<p class=\"has-x-large-font-size wp-block-paragraph\" style=\"padding-top:0;padding-bottom:0;line-height:1.2;text-transform:uppercase\"><strong>Ungesch\u00f6nte Arbeitsrealit\u00e4ten. Die Lehre als Konservenfacharbeiter<\/strong><\/p>\n\n\n\n<p class=\"wp-block-paragraph\" style=\"text-transform:uppercase\"><strong>Die kritische Betrachtung historischer Berufsinformationsfilme vermag den Blick f\u00fcr gro\u00dfe Ver\u00e4nderungen der Berufs- und Arbeitswelt zu sch\u00e4rfen. Warum es sich lohnt einen Schweizer Fernsehbeitrag zum Lehrberuf Konservenfacharbeiter aus den 1960ern genauer anzusehen.<\/strong><\/p>\n\n\n\n<p class=\"wp-block-paragraph\">Das Archiv des Schweizer Radio und Fernsehen (SRF) h\u00e4lt in der Reihe \u201aArchivperlen\u2018 ein echtes Gusto-St\u00fcck f\u00fcr historisch interessierte Berufsbildungsforscher*innen sowie Fans des ephemeren Films bereit. Der nur 2\u2011min\u00fctige Film \u201eKonservenfacharbeiter\u201c aus dem Jahre 1964 kann gleicherma\u00dfen als Reportage \u00fcber den neu eingef\u00fchrten Lehrberuf \u201eKonservenfacharbeiter\u201c, als fr\u00fcher Berufsinformationsfilm sowie als Rekrutierungsfilm der expandierenden Schweizer Lebensmittelindustrie betrachtet werden. Die Ausstrahlung erfolgte im Rahmen von \u201eAntenne\u201c, ein Regionalmagazin des Schweizer Fernsehens, das von 1962 bis 1974 \u00fcber nationale und regionale Ereignisse berichtete.<br><br>Anhand von vier Ausschnitten m\u00f6chten wir auf ma\u00dfgebliche Wesensz\u00fcge filmischer Berufsinformation in den 1960er-Jahren hinweisen. Von zentraler Bedeutung ist dabei, dass das betreffende Beispiel einen Industrieberuf zum Gegenstand hat, also in einem industriellen Umfeld angesiedelt ist und vom fordistisch-tayloristisch Produktionskonzept jener Zeit zeugt. Das Flie\u00dfband erscheint als dominantes, die Arbeitsvollz\u00fcge bestimmendes Moment, Lehrlinge erscheinen als R\u00e4dchen in der Maschine, die m\u00f6glichst effizient \u201eproduziert\u201c werden sollen\u00a0(*).<br><br>Lehrlinge und Betriebspersonal betrachten aufmerksam das laufende Flie\u00dfband (Einstellungen 4\u201317, 0:50).\u00a0 Der ahnungsvoll-resignative Gesichtsausdruck der Lehrlinge dr\u00fcckt scheinbar den Ernst der Situation aus. Die Lehrlinge werden in Gro\u00dfaufnahme (Gesicht) und Halbtotale gezeigt, Einstellungen vom Flie\u00dfband erfolgen vorwiegend als Detailaufnahmen. Die Darstellung der Lehrlinge erfolgt als \u201eMasse\u201c, es ist noch keine Individualisierungstendenz bemerkbar, w\u00e4hrend durch das laufende Flie\u00dfband und den Wechsel von Einstellungsgr\u00f6\u00dfe und \u2011dauer ein dynamischer Eindruck entsteht.<br><br>Hierauf sehen wir einerseits eine statische Ausbildungssituation mit Nahaufnahme des Lehrmeisters, wodurch die Bedeutung des Gesagten betont wird, andererseits Gro\u00dfaufnahmen des Flie\u00dfbands und kurze Kamerafahrten bei laufendem Vortrag, um die Darbietung aufzulockern. Der Lehrmeister (Einstellung 18, 1:20) verk\u00f6rpert Autorit\u00e4t und Ernsthaftigkeit und informiert relativ umfassend (N\u00fctzlichkeit von Mehrfachqualifikationen, betriebliche Einsatzgebiete, m\u00f6gliche Berufskarrieren etc.). Arbeitstugenden oder Skills werden nicht n\u00e4her ausgef\u00fchrt, sondern mit dem Ausdruck \u201eseid t\u00fcchtig\u201c zusammengefasst. Zum Teil mag dies auf noch nicht vorhandene Arbeitsanalysen und ein fehlendes Begriffsinventar zur\u00fcckzuf\u00fchren sein. Merkbar ist jedoch eine \u201eAbgeschlossenheit\u201c in der Darstellung von Karriereverl\u00e4ufen. Der Subtext k\u00f6nnte hier lauten: \u201eIhr werdet Industriearbeiter und das werdet ihr auch bleiben, findet euch damit ab, das ist gut f\u00fcr das Unternehmen und ihr habt euer Auskommen.\u201c<br><br>Szenenwechsel in die Konfit\u00fcrenk\u00fcche, die Atmosph\u00e4re einer Gro\u00dfk\u00fcche (Einstellung 22\u201328, 1:59), die Bottiche zum Anr\u00fchren der Konfit\u00fcre in halbnaher Einstellung, danach Zoom auf die Oberfl\u00e4che der Konfit\u00fcrenmasse. Hierzu Kommentar des Werkmeisters: \u201eIst wie bei Muttern\u201c \u2014 wirkt beschwichtigend und durch die augenf\u00e4llige Diskrepanz zur visuellen Darstellung beinahe r\u00fchrend.<br><br>In der Darstellung der industriellen Produktion ergibt sich hier ein deutlicher Unterschied zur gegenw\u00e4rtigen Bilderwelt der Arbeit. Da klebt die Konfit\u00fcre an der Produktionsstra\u00dfe (min 2:20), da h\u00e4ngt das Sauerkraut in Fetzen an Maschinenteilen (min 1:07). Eine \u00c4sthetisierung der Arbeit bzw. der \u00e4sthetische Kapitalismus wie er von Andreas Reckwitz (2008) und Gernot B\u00f6hme (2016) thematisiert wird, bleibt dem Postfordismus vorbehalten.<br><br>Kurzgefasst: Der Film wirkt durch den Rhythmus den die Maschinerie bzw. das Flie\u00dfband vorgibt dynamisch und geradezu immersiv. Die wirkungsvoll in Szene gesetzte Produktionsanlage erscheint als \u201ezwingender\u201c Taktgeber und eigentlicher \u201eHauptdarsteller\u201c. Die damit vermittelte Einschr\u00e4nkung und Abh\u00e4ngigkeit der Arbeitskraft, mag aus heutiger Sicht befremdlich wirken, ist jedoch unvermeidlicher Wesenszug des Produktionsregimes jener Zeit. Der auff\u00e4lligste Unterschied zu heute betrifft die objektiv wirkende Abbildung der Realit\u00e4t: es wird keine \u201eBesch\u00f6nigung\u201c angestrebt, es dominiert allein die Visualisierung von Funktionalit\u00e4t. Ebenso ist Individualisierung offensichtlich noch kein Merkmal von Berufsinformationsfilmen. In filmkompositorischer Hinsicht sind jedoch kaum Unterschiede zum gegenw\u00e4rtigen Filmschaffen des Genres festzustellen.<br><br>Aus Konservenfacharbeitern wurden 1970 \u201eKonserven- und Tiefk\u00fchlfacharbeiter\u201c, 1983 \u201eKonserven- und Tiefk\u00fchltechnologen\u201c und letztlich unsere heutigen \u201eLebensmitteltechnolog:innen\u201c. Die Transformation und \u00c4sthetisierung des Berufs spiegeln sich somit auch in der Ver\u00e4nderung der Berufsbezeichnung wider. Offensichtlich neigen wir seit geraumer Zeit dazu, uns Arbeit sch\u00f6nzureden und sch\u00f6nzusehen. Willkommen in der Kardashianisierung der Arbeitswelt!<br><br><strong>Dr. Reinhold Gaubitsch<\/strong>\u00a0ist Politikwissenschafter und war bis zu seiner Pensionierung Projektleiter in der Abteilung Arbeitsmarkt- und Berufsinformation (ABI) des Arbeitsmarktservice \u00d6sterreich und unter anderem zust\u00e4ndig f\u00fcr Berufsinformationsfilme.<br><br>(*) Lena Freidorfer (2020)\u00a0 beschreibt in ihrer historischen Diskursanalyse anhand von 600 Zeitungsartikeln den Wandel des Bildes\u00a0 des Lehrlings in den Kantonen der Deutschschweiz in den Jahren 1950 bis 1970 in drei Phasen:\u00a0 vom konformistischen \u201cProduktionsfaktor\u201d (1950\u20131959) \u00fcber den schutzbed\u00fcrftigen Lehrling (1960 \u2014 1967) bis zum protestierenden Lehrling (ab 1968). Was im Film zu sehen ist, ist sicherlich eine Mischung aus den ersten beiden, mit Schwerpunkt auf dem .\u201cProduktionsfaktor\u201d.<br><br>Referenzen:<br>B\u00f6hme, Gernot (2016).\u00a0<em>\u00c4sthetischer Kapitalismus<\/em>, Berlin: Suhrkamp.<br>Freidorfer-Kabashi, L. (2020): Vom \u201eLehrling\u201c zum \u201eLernenden \u201c \u2013 Zur Wahrnehmung Jugendlicher in Ausbildung im Zuge der Transformation der beruflichen Bildung. In: bwp@ Berufs- und Wirtschaftsp\u00e4dagogik \u2013 online, Ausgabe 38, 1\u201334. Online: https:\/\/www.bwpat.de\/ausgabe38\/freidorfer-kabashi_bwpat38.pdf (24.06.2020).<br>Reckwitz, Andreas (2008). Elemente einer Soziologie des \u00c4sthetischen, In: Reckwitz, Andreas,\u00a0<em>Unscharfe Grenzen: Perspektiven der Kultursoziologie<\/em>, transcript Verlag.<\/p>\n<\/div><\/div>\n\n\n<style>.kadence-column2654_67a060-8e > .kt-inside-inner-col{display:flex;}.kadence-column2654_67a060-8e > .kt-inside-inner-col{padding-right:var(--global-kb-spacing-md, 2rem);padding-bottom:var(--global-kb-spacing-lg, 3rem);padding-left:var(--global-kb-spacing-3xl, 6.5rem);}.kadence-column2654_67a060-8e > .kt-inside-inner-col,.kadence-column2654_67a060-8e > .kt-inside-inner-col:before{border-top-left-radius:0px;border-top-right-radius:0px;border-bottom-right-radius:0px;border-bottom-left-radius:0px;}.kadence-column2654_67a060-8e > .kt-inside-inner-col{column-gap:var(--global-kb-gap-sm, 1rem);}.kadence-column2654_67a060-8e > .kt-inside-inner-col{flex-direction:column;justify-content:flex-start;}.kadence-column2654_67a060-8e > .kt-inside-inner-col > .aligncenter{width:100%;}.kt-row-column-wrap > .kadence-column2654_67a060-8e{align-self:flex-start;}.kt-inner-column-height-full:not(.kt-has-1-columns) > .wp-block-kadence-column.kadence-column2654_67a060-8e{align-self:auto;}.kt-inner-column-height-full:not(.kt-has-1-columns) > .wp-block-kadence-column.kadence-column2654_67a060-8e > .kt-inside-inner-col{flex-direction:column;justify-content:flex-start;}.kadence-column2654_67a060-8e > .kt-inside-inner-col:before{opacity:0.3;}.kadence-column2654_67a060-8e{position:relative;}@media all and (max-width: 1024px){.kadence-column2654_67a060-8e > .kt-inside-inner-col{padding-left:var(--global-kb-spacing-md, 2rem);flex-direction:column;justify-content:flex-start;}}@media all and (max-width: 1024px){.kt-row-column-wrap > .kadence-column2654_67a060-8e{align-self:flex-start;}}@media all and (max-width: 1024px){.kt-inner-column-height-full:not(.kt-has-1-columns) > .wp-block-kadence-column.kadence-column2654_67a060-8e{align-self:auto;}}@media all and (max-width: 1024px){.kt-inner-column-height-full:not(.kt-has-1-columns) > .wp-block-kadence-column.kadence-column2654_67a060-8e > .kt-inside-inner-col{flex-direction:column;justify-content:flex-start;}}@media all and (max-width: 767px){.kadence-column2654_67a060-8e > .kt-inside-inner-col{padding-right:var(--global-kb-spacing-sm, 1.5rem);padding-left:var(--global-kb-spacing-sm, 1.5rem);flex-direction:column;justify-content:flex-start;}.kt-row-column-wrap > .kadence-column2654_67a060-8e{align-self:flex-start;}.kt-inner-column-height-full:not(.kt-has-1-columns) > .wp-block-kadence-column.kadence-column2654_67a060-8e{align-self:auto;}.kt-inner-column-height-full:not(.kt-has-1-columns) > .wp-block-kadence-column.kadence-column2654_67a060-8e > .kt-inside-inner-col{flex-direction:column;justify-content:flex-start;}}<\/style>\n<div class=\"wp-block-kadence-column kadence-column2654_67a060-8e kb-section-dir-vertical inner-column-2\"><div class=\"kt-inside-inner-col\">\n<div style=\"height:330px\" aria-hidden=\"true\" class=\"wp-block-spacer wp-block-hidden-mobile\"><\/div>\n\n\n\n<p class=\"wp-block-paragraph\"><br>Reinhold Gaubitsch &amp; J\u00f6rg Markowitsch <strong>\u2501\u2501 <\/strong>10.09.2023<\/p>\n\n\n\n<div style=\"height:25px\" aria-hidden=\"true\" class=\"wp-block-spacer\"><\/div>\n\n\n\n<div class=\"wp-block-group is-layout-constrained wp-container-core-group-is-layout-9790f0ff wp-block-group-is-layout-constrained\">\n<figure class=\"wp-block-embed is-type-video is-provider-youtube wp-block-embed-youtube wp-embed-aspect-16-9 wp-has-aspect-ratio\" style=\"margin-top:0;margin-bottom:0\"><div class=\"wp-block-embed__wrapper\">\n<div class=\"responsive-container\"><iframe loading=\"lazy\" title=\"Beruf Konservenfacharbeiter (1964) | Berufe die es so nicht mehr gibt | SRF Archiv\" width=\"500\" height=\"281\" src=\"https:\/\/www.youtube.com\/embed\/YN8hsyO1etk?feature=oembed\" frameborder=\"0\" allow=\"accelerometer; autoplay; clipboard-write; encrypted-media; gyroscope; picture-in-picture; web-share\" referrerpolicy=\"strict-origin-when-cross-origin\" allowfullscreen><\/iframe><\/div>\n<\/div><\/figure>\n\n\n\n<p class=\"wp-block-paragraph\" style=\"font-size:12px;text-transform:uppercase\">Beruf Konservenfacharbeiter, CH 1964, SRF Archiv<\/p>\n<\/div>\n\n\n\n<div style=\"height:25px\" aria-hidden=\"true\" class=\"wp-block-spacer\"><\/div>\n\n\n\n<div class=\"wp-block-group is-layout-constrained wp-container-core-group-is-layout-9790f0ff wp-block-group-is-layout-constrained\">\n<figure class=\"wp-block-image size-full\" style=\"margin-top:0;margin-bottom:0\"><img loading=\"lazy\" decoding=\"async\" width=\"724\" height=\"407\" src=\"https:\/\/arbeits-film-festival.at\/wp-content\/uploads\/2026\/08\/Group-28-2.png\" alt=\"\" class=\"wp-image-2664\" srcset=\"https:\/\/arbeits-film-festival.at\/wp-content\/uploads\/2026\/08\/Group-28-2.png 724w, https:\/\/arbeits-film-festival.at\/wp-content\/uploads\/2026\/08\/Group-28-2-300x169.png 300w, https:\/\/arbeits-film-festival.at\/wp-content\/uploads\/2026\/08\/Group-28-2-18x10.png 18w\" sizes=\"auto, (max-width: 724px) 100vw, 724px\" \/><\/figure>\n\n\n\n<div class=\"wp-block-group is-layout-constrained wp-container-core-group-is-layout-ee2332cf wp-block-group-is-layout-constrained\">\n<p class=\"has-ast-global-color-1-color has-text-color has-link-color wp-elements-1 wp-block-paragraph\" style=\"font-size:12px;text-transform:uppercase\">Einstellung 18, Lehrmeister spricht, &#8222;Beruf Konservenfacharbeiter&#8220;, CH 1964<br>\u00a9 SRF Archiv<\/p>\n<\/div>\n<\/div>\n\n\n\n<div style=\"height:35px\" aria-hidden=\"true\" class=\"wp-block-spacer\"><\/div>\n\n\n\n<div class=\"wp-block-group is-layout-constrained wp-container-core-group-is-layout-9790f0ff wp-block-group-is-layout-constrained\">\n<figure class=\"wp-block-image size-full\" style=\"margin-top:0;margin-bottom:0\"><img loading=\"lazy\" decoding=\"async\" width=\"724\" height=\"389\" src=\"https:\/\/arbeits-film-festival.at\/wp-content\/uploads\/2026\/08\/Bild3.png\" alt=\"\" class=\"wp-image-2663\" srcset=\"https:\/\/arbeits-film-festival.at\/wp-content\/uploads\/2026\/08\/Bild3.png 724w, https:\/\/arbeits-film-festival.at\/wp-content\/uploads\/2026\/08\/Bild3-300x161.png 300w, https:\/\/arbeits-film-festival.at\/wp-content\/uploads\/2026\/08\/Bild3-18x10.png 18w\" sizes=\"auto, (max-width: 724px) 100vw, 724px\" \/><\/figure>\n\n\n\n<div class=\"wp-block-group is-layout-constrained wp-container-core-group-is-layout-ee2332cf wp-block-group-is-layout-constrained\">\n<p class=\"has-ast-global-color-1-color has-text-color has-link-color wp-elements-2 wp-block-paragraph\" style=\"font-size:12px;text-transform:uppercase\">Einstellung 19-21, Gro\u00dfaufnahme Flie\u00dfband, &#8222;Beruf Konservenfacharbeiter&#8220;, CH 1964<br>\u00a9 SRF Archiv<\/p>\n<\/div>\n<\/div>\n\n\n\n<div style=\"height:35px\" aria-hidden=\"true\" class=\"wp-block-spacer\"><\/div>\n\n\n\n<div class=\"wp-block-group is-layout-constrained wp-container-core-group-is-layout-9790f0ff wp-block-group-is-layout-constrained\">\n<figure class=\"wp-block-image size-full\" style=\"margin-top:0;margin-bottom:0\"><img loading=\"lazy\" decoding=\"async\" width=\"746\" height=\"419\" src=\"https:\/\/arbeits-film-festival.at\/wp-content\/uploads\/2026\/08\/Bild4.png\" alt=\"\" class=\"wp-image-2662\" srcset=\"https:\/\/arbeits-film-festival.at\/wp-content\/uploads\/2026\/08\/Bild4.png 746w, https:\/\/arbeits-film-festival.at\/wp-content\/uploads\/2026\/08\/Bild4-300x168.png 300w, https:\/\/arbeits-film-festival.at\/wp-content\/uploads\/2026\/08\/Bild4-18x10.png 18w\" sizes=\"auto, (max-width: 746px) 100vw, 746px\" \/><\/figure>\n\n\n\n<div class=\"wp-block-group is-layout-constrained wp-container-core-group-is-layout-ee2332cf wp-block-group-is-layout-constrained\">\n<p class=\"has-ast-global-color-1-color has-text-color has-link-color wp-elements-3 wp-block-paragraph\" style=\"font-size:12px;text-transform:uppercase\">Einstellung 22-28, Konfit\u00fcrenk\u00fcche, &#8222;Beruf Konservenfacharbeiter&#8220;, CH 1964<br>\u00a9 SRF Archiv<\/p>\n<\/div>\n<\/div>\n\n\n\n<div style=\"height:35px\" aria-hidden=\"true\" class=\"wp-block-spacer\"><\/div>\n\n\n\n<div class=\"wp-block-group is-layout-constrained wp-container-core-group-is-layout-9790f0ff wp-block-group-is-layout-constrained\">\n<figure class=\"wp-block-image size-full\" style=\"margin-top:0;margin-bottom:0\"><img loading=\"lazy\" decoding=\"async\" width=\"741\" height=\"417\" src=\"https:\/\/arbeits-film-festival.at\/wp-content\/uploads\/2026\/08\/Bild5.png\" alt=\"\" class=\"wp-image-2661\" srcset=\"https:\/\/arbeits-film-festival.at\/wp-content\/uploads\/2026\/08\/Bild5.png 741w, https:\/\/arbeits-film-festival.at\/wp-content\/uploads\/2026\/08\/Bild5-300x169.png 300w, https:\/\/arbeits-film-festival.at\/wp-content\/uploads\/2026\/08\/Bild5-18x10.png 18w\" sizes=\"auto, (max-width: 741px) 100vw, 741px\" \/><\/figure>\n\n\n\n<div class=\"wp-block-group is-layout-constrained wp-container-core-group-is-layout-ee2332cf wp-block-group-is-layout-constrained\">\n<p class=\"has-ast-global-color-1-color has-text-color has-link-color wp-elements-4 wp-block-paragraph\" style=\"font-size:12px;text-transform:uppercase\">Verschmutzter Maschinenteile, &#8222;Beruf Konservenfacharbeiter&#8220;, CH 1964<br>\u00a9 SRF Archiv<\/p>\n<\/div>\n<\/div>\n\n\n\n<div style=\"height:35px\" aria-hidden=\"true\" class=\"wp-block-spacer\"><\/div>\n\n\n\n<div class=\"wp-block-group is-layout-constrained wp-container-core-group-is-layout-9790f0ff wp-block-group-is-layout-constrained\">\n<figure class=\"wp-block-image size-full\" style=\"margin-top:0;margin-bottom:0\"><img decoding=\"async\" src=\"https:\/\/arbeits-film-festival.at\/wp-content\/uploads\/2026\/08\/Titelbild.png\" alt=\"\" class=\"wp-image-2660\"\/><\/figure>\n\n\n\n<div class=\"wp-block-group is-layout-constrained wp-container-core-group-is-layout-ee2332cf wp-block-group-is-layout-constrained\">\n<p class=\"has-ast-global-color-1-color has-text-color has-link-color wp-elements-5 wp-block-paragraph\" style=\"font-size:12px;text-transform:uppercase\">Einstellungen 4-17, Betrachten der Produktion, &#8222;Beruf Konservenfacharbeiter&#8220;, CH 1964<br>\u00a9 SRF Archiv<\/p>\n<\/div>\n<\/div>\n\n\n\n<div style=\"height:35px\" aria-hidden=\"true\" class=\"wp-block-spacer\"><\/div>\n\n\n\n<p class=\"wp-block-paragraph\">Tags  <strong>\u2501\u2501\u2501\u2501<strong>\u2501<\/strong>\u2501<strong>\u2501\u2501\u2501<strong>\u2501<\/strong>\u2501<\/strong><\/strong><\/p>\n\n\n<div style=\"text-transform:uppercase\" class=\"taxonomy-post_tag wp-block-post-terms has-small-font-size\"><a href=\"https:\/\/arbeits-film-festival.at\/en\/tag\/aesthetisierung-der-arbeit\/\" rel=\"tag\">\u00c4sthetisierung der Arbeit<\/a><span class=\"wp-block-post-terms__separator\">, <\/span><a href=\"https:\/\/arbeits-film-festival.at\/en\/tag\/berufsinformationsfilm\/\" rel=\"tag\">Berufsinformationsfilm<\/a><span class=\"wp-block-post-terms__separator\">, <\/span><a href=\"https:\/\/arbeits-film-festival.at\/en\/tag\/fliessband\/\" rel=\"tag\">Flie\u00dfband<\/a><span class=\"wp-block-post-terms__separator\">, <\/span><a href=\"https:\/\/arbeits-film-festival.at\/en\/tag\/industriellen-produktion\/\" rel=\"tag\">industriellen Produktion<\/a><span class=\"wp-block-post-terms__separator\">, <\/span><a href=\"https:\/\/arbeits-film-festival.at\/en\/tag\/konservenfacharbeiter\/\" rel=\"tag\">Konservenfacharbeiter<\/a><span class=\"wp-block-post-terms__separator\">, <\/span><a href=\"https:\/\/arbeits-film-festival.at\/en\/tag\/lebensmitteltechnologinnen\/\" rel=\"tag\">Lebensmitteltechnolog:innen<\/a><span class=\"wp-block-post-terms__separator\">, <\/span><a href=\"https:\/\/arbeits-film-festival.at\/en\/tag\/schweiz\/\" rel=\"tag\">Schweiz<\/a><\/div><\/div><\/div>\n\n<\/div><\/div>","protected":false},"excerpt":{"rendered":"<p>Die kritische Betrachtung historischer Berufsinformationsfilme vermag den Blick f\u00fcr gro\u00dfe Ver\u00e4nderungen der Berufs- und Arbeitswelt zu sch\u00e4rfen. Warum es sich lohnt einen Schweizer Fernsehbeitrag zum Lehrberuf Konservenfacharbeiter aus den 1960ern genauer anzusehen.<\/p>","protected":false},"author":1,"featured_media":2660,"comment_status":"closed","ping_status":"open","sticky":false,"template":"","format":"standard","meta":{"_uag_custom_page_level_css":"","site-sidebar-layout":"default","site-content-layout":"","ast-site-content-layout":"default","site-content-style":"default","site-sidebar-style":"default","ast-global-header-display":"","ast-banner-title-visibility":"","ast-main-header-display":"","ast-hfb-above-header-display":"","ast-hfb-below-header-display":"","ast-hfb-mobile-header-display":"","site-post-title":"disabled","ast-breadcrumbs-content":"","ast-featured-img":"","footer-sml-layout":"","ast-disable-related-posts":"","theme-transparent-header-meta":"","adv-header-id-meta":"","stick-header-meta":"","header-above-stick-meta":"","header-main-stick-meta":"","header-below-stick-meta":"","astra-migrate-meta-layouts":"default","ast-page-background-enabled":"default","ast-page-background-meta":{"desktop":{"background-color":"var(--ast-global-color-5)","background-image":"","background-repeat":"repeat","background-position":"center center","background-size":"auto","background-attachment":"scroll","background-type":"","background-media":"","overlay-type":"","overlay-color":"","overlay-opacity":"","overlay-gradient":""},"tablet":{"background-color":"","background-image":"","background-repeat":"repeat","background-position":"center center","background-size":"auto","background-attachment":"scroll","background-type":"","background-media":"","overlay-type":"","overlay-color":"","overlay-opacity":"","overlay-gradient":""},"mobile":{"background-color":"","background-image":"","background-repeat":"repeat","background-position":"center center","background-size":"auto","background-attachment":"scroll","background-type":"","background-media":"","overlay-type":"","overlay-color":"","overlay-opacity":"","overlay-gradient":""}},"ast-content-background-meta":{"desktop":{"background-color":"var(--ast-global-color-4)","background-image":"","background-repeat":"repeat","background-position":"center center","background-size":"auto","background-attachment":"scroll","background-type":"","background-media":"","overlay-type":"","overlay-color":"","overlay-opacity":"","overlay-gradient":""},"tablet":{"background-color":"var(--ast-global-color-4)","background-image":"","background-repeat":"repeat","background-position":"center center","background-size":"auto","background-attachment":"scroll","background-type":"","background-media":"","overlay-type":"","overlay-color":"","overlay-opacity":"","overlay-gradient":""},"mobile":{"background-color":"var(--ast-global-color-4)","background-image":"","background-repeat":"repeat","background-position":"center center","background-size":"auto","background-attachment":"scroll","background-type":"","background-media":"","overlay-type":"","overlay-color":"","overlay-opacity":"","overlay-gradient":""}},"_rtcl_gb_attr":"","footnotes":""},"categories":[8],"tags":[67,68,69,70,71,72,60],"class_list":["post-2654","post","type-post","status-publish","format-standard","has-post-thumbnail","hentry","category-work-o-witch","tag-aesthetisierung-der-arbeit","tag-berufsinformationsfilm","tag-fliessband","tag-industriellen-produktion","tag-konservenfacharbeiter","tag-lebensmitteltechnologinnen","tag-schweiz"],"uagb_featured_image_src":{"full":["https:\/\/arbeits-film-festival.at\/wp-content\/uploads\/2026\/08\/Titelbild-e1788116818278.png",1285,697,false],"thumbnail":["https:\/\/arbeits-film-festival.at\/wp-content\/uploads\/2026\/08\/Titelbild-e1788116818278-150x150.png",150,150,true],"medium":["https:\/\/arbeits-film-festival.at\/wp-content\/uploads\/2026\/08\/Titelbild-e1788116818278-300x163.png",300,163,true],"medium_large":["https:\/\/arbeits-film-festival.at\/wp-content\/uploads\/2026\/08\/Titelbild-e1788116818278-768x417.png",768,417,true],"large":["https:\/\/arbeits-film-festival.at\/wp-content\/uploads\/2026\/08\/Titelbild-e1788116818278-1024x555.png",1024,555,true],"1536x1536":["https:\/\/arbeits-film-festival.at\/wp-content\/uploads\/2026\/08\/Titelbild-e1788116818278.png",1285,697,false],"2048x2048":["https:\/\/arbeits-film-festival.at\/wp-content\/uploads\/2026\/08\/Titelbild-e1788116818278.png",1285,697,false],"trp-custom-language-flag":["https:\/\/arbeits-film-festival.at\/wp-content\/uploads\/2026\/08\/Titelbild-e1788116818278-18x10.png",18,10,true],"rtcl-gallery":["https:\/\/arbeits-film-festival.at\/wp-content\/uploads\/2026\/08\/Titelbild-e1788116818278-924x462.png",924,462,true],"rtcl-thumbnail":["https:\/\/arbeits-film-festival.at\/wp-content\/uploads\/2026\/08\/Titelbild-e1788116818278-320x240.png",320,240,true],"rtcl-gallery-thumbnail":["https:\/\/arbeits-film-festival.at\/wp-content\/uploads\/2026\/08\/Titelbild-e1788116818278-150x105.png",150,105,true],"mailpoet_newsletter_max":["https:\/\/arbeits-film-festival.at\/wp-content\/uploads\/2026\/08\/Titelbild-e1788116804439-1320x636.png",1320,636,true]},"uagb_author_info":{"display_name":"administrador","author_link":"https:\/\/arbeits-film-festival.at\/en\/author\/admin\/"},"uagb_comment_info":0,"uagb_excerpt":"Die kritische Betrachtung historischer Berufsinformationsfilme vermag den Blick f\u00fcr gro\u00dfe Ver\u00e4nderungen der Berufs- und Arbeitswelt zu sch\u00e4rfen. Warum es sich lohnt einen Schweizer Fernsehbeitrag zum Lehrberuf Konservenfacharbeiter aus den 1960ern genauer anzusehen.","_links":{"self":[{"href":"https:\/\/arbeits-film-festival.at\/en\/wp-json\/wp\/v2\/posts\/2654","targetHints":{"allow":["GET"]}}],"collection":[{"href":"https:\/\/arbeits-film-festival.at\/en\/wp-json\/wp\/v2\/posts"}],"about":[{"href":"https:\/\/arbeits-film-festival.at\/en\/wp-json\/wp\/v2\/types\/post"}],"author":[{"embeddable":true,"href":"https:\/\/arbeits-film-festival.at\/en\/wp-json\/wp\/v2\/users\/1"}],"replies":[{"embeddable":true,"href":"https:\/\/arbeits-film-festival.at\/en\/wp-json\/wp\/v2\/comments?post=2654"}],"version-history":[{"count":6,"href":"https:\/\/arbeits-film-festival.at\/en\/wp-json\/wp\/v2\/posts\/2654\/revisions"}],"predecessor-version":[{"id":2668,"href":"https:\/\/arbeits-film-festival.at\/en\/wp-json\/wp\/v2\/posts\/2654\/revisions\/2668"}],"wp:featuredmedia":[{"embeddable":true,"href":"https:\/\/arbeits-film-festival.at\/en\/wp-json\/wp\/v2\/media\/2660"}],"wp:attachment":[{"href":"https:\/\/arbeits-film-festival.at\/en\/wp-json\/wp\/v2\/media?parent=2654"}],"wp:term":[{"taxonomy":"category","embeddable":true,"href":"https:\/\/arbeits-film-festival.at\/en\/wp-json\/wp\/v2\/categories?post=2654"},{"taxonomy":"post_tag","embeddable":true,"href":"https:\/\/arbeits-film-festival.at\/en\/wp-json\/wp\/v2\/tags?post=2654"}],"curies":[{"name":"wp","href":"https:\/\/api.w.org\/{rel}","templated":true}]}}